{"id":252168,"date":"2016-01-07T11:03:27","date_gmt":"2016-01-07T17:03:27","guid":{"rendered":"http:\/\/www.futboltotal.com.mx\/?p=252168"},"modified":"2016-01-07T11:52:19","modified_gmt":"2016-01-07T17:52:19","slug":"eden-hazard-programado-para-el-futbol","status":"publish","type":"post","link":"http:\/\/desarrollo.grupomedios.com\/futbol\/futbol-internacional\/eden-hazard-programado-para-el-futbol\/2016\/01","title":{"rendered":"Eden Hazard, programado para el futbol"},"content":{"rendered":"<p><strong>Eden Hazard<\/strong> es el estandarte de la nueva generaci\u00f3n de <strong>B\u00e9lgica<\/strong>, aquella que los expertos mencionan es la mejor de su historia. Nacido en el seno de una familia adicta al futbol, el crack del <strong>Chelsea<\/strong> lleva el talento en la sangre. Su ADN es calidad y ambici\u00f3n.<\/p>\n<p>\u201cHazard ha sido programado para el f\u00fatbol, es un ordenador\u201d, as\u00ed lo describe uno de sus descubridores,\u00a0Jean-Luc Buisine. El balompi\u00e9 est\u00e1 en sus genes, pues su madre met\u00eda muchos goles, y su padre, aunque con menos talento, si ten\u00eda la pasi\u00f3n, pero sobre todo el esmero por hacer que el m\u00e1gico Eden cumpliera con el sue\u00f1o.<\/p>\n<p>Su madre Carine, disput\u00f3 encuentros en la Primera Divisi\u00f3n de B\u00e9lgica y a su manera explica el porqu\u00e9 su hijo\u00a0lleva magia en sus botines.\u00a0\u201cDisput\u00e9 partidos embarazada hasta los tres meses, por lo que Eden marc\u00f3 goles antes de nacer\u201d. Por su parte, su padre Terry, se pasaba las tardes ense\u00f1\u00e1dole\u00a0a mejorar su toque de bal\u00f3n y a divertirse al lado de sus hermanos, dos ya en el \u00e1mbito profesional, Kylian y Thorgan.<\/p>\n<p>As\u00ed fue como Jean-Luc Buisine no dud\u00f3 en ofrecerle un traslado a Francia con tan solo 14 a\u00f1os. El talento de <strong>Eden<\/strong> ya era aterrador y los j\u00f3venes de su edad no pod\u00edan detenerlo. Dos a\u00f1os m\u00e1s tarde, <strong>Hazard <\/strong>prob\u00f3 las <em>mieles<\/em> del profesionalismo con el Lille. Desde sus primeros pasos con la primera plantilla demostr\u00f3 que est\u00e1 hecho para ser un l\u00edder, guiando a un equipo que ten\u00eda un presente complicado en el certam\u00e9n galo, no solo a enamorar con su futbol, sino con sus triunfos a todo un pa\u00eds. Bajo el esquema de Rudi Garc\u00eda de 4-3-3, la entidad consigui\u00f3 el \u00fanico doblete de su larga historia: Copa y Liga en Francia, all\u00e1 por la temporada 2010-2011.<\/p>\n<p>De esa manera Hazard fue conquistando\u00a0al mundo del futbol y su talento exig\u00eda retos mayores, lamentablemente el Lille no pudo retener el t\u00edtulo, pero el belga segu\u00eda brillando no solo en\u00a0el plano colectivo, sino maravillando a\u00fan m\u00e1s en el individual.\u00a0<a href=\"http:\/\/http:\/\/www.futboltotal.com.mx\/2015\/01\/la-magia-de-eden-hazard\/\">Gambeta, velocidad, gol, pero por sobre todas las cosas, creatividad<\/a>. Hazard la rompi\u00f3 en la Ligue 1, adue\u00f1\u00e1ndose del galard\u00f3n a mejor jugador del torneo por dos a\u00f1os consecutivos. \u201cEl peque\u00f1o Messi\u201d, le defini\u00f3 Claude Puel, entonces t\u00e9cnico del Lyon.<\/p>\n<p>La llegada a las Grandes Ligas se dio en junio del 2012, el <strong>Chelsea<\/strong> fue el m\u00e1ximo ganador.\u00a0Con el talento en sus genes y una evoluci\u00f3n constante, Hazard tiene en la mente consagrarse como el mejor del mundo lo m\u00e1s pronto posible: &#8220;Estoy seguro que puedo competir con Messi y Cristiano a corto plazo, solo debo esforzarme un poco m\u00e1s&#8221;, mencion\u00f3 al prestigioso <em>The Guardian<\/em>.<\/p>\n<p>&#8220;Ser\u00e1 dif\u00edcil, tienen estad\u00edsticas incre\u00edbles, pero acepto el reto.\u00a0Por supuesto que quiero ser el mejor del mundo&#8221;, relat\u00f3.\u00a0&#8220;Anteriormente yo estaba m\u00e1s preocupado por el juego en s\u00ed: el f\u00fatbol era un juego para m\u00ed, quer\u00eda divertirme y no me molest\u00e9 en lo que la gente pensaba de m\u00ed.\u00a0Pero ya que estoy aqu\u00ed en el Chelsea me he vuelto m\u00e1s consciente de mis cualidades&#8221;.<\/p>\n<p>Actualmente, el crack es el l\u00edder de su selecci\u00f3n. Se le exige tanto que a los 18 a\u00f1os ya era castigado solo por no ser el referente, o m\u00e1s bien, por no demostrar con su talento que puede llegar a ser el mejor futbolista en la historia de su pa\u00eds, todo por encima del m\u00edtico, Enzo Schifo.\u00a0\u201cNo estoy aqu\u00ed para hacer regalos y B\u00e9lgica necesita al mejor Eden\u201d, se\u00f1al\u00f3 el estratega\u00a0Leekens.<\/p>\n<p>Si todo eso no fuera suficiente, el futbolista de la\u00a0gambeta electrizante enamora a los fan\u00e1ticos <em>Blues <\/em>con sus frases<i>.\u00a0<\/i>\u201cChelsea fue mi primera opci\u00f3n cuando abandon\u00e9 al Lille en 2012. Ahora yo s\u00e9 que esa fue la decisi\u00f3n correcta para m\u00ed. Estoy muy feliz en Chelsea\u201d, destac\u00f3 el 10 belga.<\/p>\n<p>Con excesivos rumores que lo vinculan con el <strong>Real Madrid<\/strong> y <strong>PSG<\/strong> durante los recientes mercados de transferencias, Eden es una de las piezas fundamentales del Chelsea.<\/p>\n<p>\u201cMi elecci\u00f3n fue unirme al Chelsea porque estaba consciente que iba a jugar. Este es mi tercer a\u00f1o aqu\u00ed.\u00a0No s\u00e9 si soy el principal activo del equipo, pero puedo disfrutar jugando en este equipo.\u00a0Ellos son el \u00fanico equipo que me hace so\u00f1ar\u201d, sentenci\u00f3 hace tan solo unos meses el hoy festejado, 25 a\u00f1os y una cima que escalar.<\/p>\n","protected":false},"excerpt":{"rendered":"<p>Para el crack belga el futbol era su destino; la grandeza su camino <\/p>\n","protected":false},"author":20,"featured_media":346897,"comment_status":"open","ping_status":"open","sticky":false,"template":"","format":"standard","meta":[],"categories":[3839,3846,5951],"tags":[5981,6058],"_links":{"self":[{"href":"http:\/\/desarrollo.grupomedios.com\/futbol\/wp-json\/wp\/v2\/posts\/252168"}],"collection":[{"href":"http:\/\/desarrollo.grupomedios.com\/futbol\/wp-json\/wp\/v2\/posts"}],"about":[{"href":"http:\/\/desarrollo.grupomedios.com\/futbol\/wp-json\/wp\/v2\/types\/post"}],"author":[{"embeddable":true,"href":"http:\/\/desarrollo.grupomedios.com\/futbol\/wp-json\/wp\/v2\/users\/20"}],"replies":[{"embeddable":true,"href":"http:\/\/desarrollo.grupomedios.com\/futbol\/wp-json\/wp\/v2\/comments?post=252168"}],"version-history":[{"count":0,"href":"http:\/\/desarrollo.grupomedios.com\/futbol\/wp-json\/wp\/v2\/posts\/252168\/revisions"}],"wp:featuredmedia":[{"embeddable":true,"href":"http:\/\/desarrollo.grupomedios.com\/futbol\/wp-json\/wp\/v2\/media\/346897"}],"wp:attachment":[{"href":"http:\/\/desarrollo.grupomedios.com\/futbol\/wp-json\/wp\/v2\/media?parent=252168"}],"wp:term":[{"taxonomy":"category","embeddable":true,"href":"http:\/\/desarrollo.grupomedios.com\/futbol\/wp-json\/wp\/v2\/categories?post=252168"},{"taxonomy":"post_tag","embeddable":true,"href":"http:\/\/desarrollo.grupomedios.com\/futbol\/wp-json\/wp\/v2\/tags?post=252168"}],"curies":[{"name":"wp","href":"https:\/\/api.w.org\/{rel}","templated":true}]}}