{"id":255200,"date":"2015-01-22T11:19:32","date_gmt":"2015-01-22T17:19:32","guid":{"rendered":"http:\/\/www.futboltotal.com.mx\/?p=255200"},"modified":"2016-01-22T11:38:35","modified_gmt":"2016-01-22T17:38:35","slug":"rogerio-ceni-porteros-muchos-leyendas-pocas","status":"publish","type":"post","link":"http:\/\/desarrollo.grupomedios.com\/futbol\/videos\/rogerio-ceni-porteros-muchos-leyendas-pocas\/2015\/01","title":{"rendered":"Rogerio Ceni | Porteros muchos, leyendas pocas"},"content":{"rendered":"<p>[video_player]http:\/\/player.vimeo.com\/external\/117500511.hd.mp4?s=f58f403c7cd9821204583872b70843a2[\/video_player]<\/p>\n<p><strong>Rogerio Ceni<\/strong>, el portero m\u00e1s goleador en la historia y hombre r\u00e9cord del Sao Paulo cumple este 22 de enero 43 a\u00f1os y por ello,<strong> Futbol Total<\/strong> le realiza un peque\u00f1o homenaje para rememorar una brillante carrera\u00a0de\u00a025 a\u00f1os de carrera, 1.237 partidos disputados -978 de ellos como capit\u00e1n-, 131 goles marcados y 18 t\u00edtulos conquistados, a solo un mes de su retiro oficial, el 13 de diciembre del 2015.<\/p>\n<p>El brasile\u00f1o<strong> Rogerio Ceni<\/strong> gan\u00f3 todos los t\u00edtulos como futbolista: campe\u00f3n del mundo con Brasil (2002), campe\u00f3n de la Copa Confederaciones (1997), Libertadores, Sudamericana, Recopa, Copa Conmebol, Copa Intercontinental y a nivel del futbol brasile\u00f1o consagraciones con las conquistas de los torneos paulistas y brasile\u00f1os.<\/p>\n<p style=\"text-align: center;\"><strong><span style=\"color: #3366ff;\"><a style=\"color: #3366ff;\" href=\"http:\/\/futboltotal.com.mx\/2015\/04\/10-grandes-porteros-de-los-ultimos-30-anos\/\">LEER M\u00c1S:\u00a010 grandes porteros de los \u00faltimos tiempos.\u00a0<\/a><\/span><\/strong><\/p>\n","protected":false},"excerpt":{"rendered":"<p>Liderazgo bajo los tres palos, grandes reflejos y \u00a1estupendos goles!<\/p>\n","protected":false},"author":20,"featured_media":350744,"comment_status":"open","ping_status":"open","sticky":false,"template":"","format":"standard","meta":[],"categories":[3839,4],"tags":[4896,2620],"_links":{"self":[{"href":"http:\/\/desarrollo.grupomedios.com\/futbol\/wp-json\/wp\/v2\/posts\/255200"}],"collection":[{"href":"http:\/\/desarrollo.grupomedios.com\/futbol\/wp-json\/wp\/v2\/posts"}],"about":[{"href":"http:\/\/desarrollo.grupomedios.com\/futbol\/wp-json\/wp\/v2\/types\/post"}],"author":[{"embeddable":true,"href":"http:\/\/desarrollo.grupomedios.com\/futbol\/wp-json\/wp\/v2\/users\/20"}],"replies":[{"embeddable":true,"href":"http:\/\/desarrollo.grupomedios.com\/futbol\/wp-json\/wp\/v2\/comments?post=255200"}],"version-history":[{"count":0,"href":"http:\/\/desarrollo.grupomedios.com\/futbol\/wp-json\/wp\/v2\/posts\/255200\/revisions"}],"wp:featuredmedia":[{"embeddable":true,"href":"http:\/\/desarrollo.grupomedios.com\/futbol\/wp-json\/wp\/v2\/media\/350744"}],"wp:attachment":[{"href":"http:\/\/desarrollo.grupomedios.com\/futbol\/wp-json\/wp\/v2\/media?parent=255200"}],"wp:term":[{"taxonomy":"category","embeddable":true,"href":"http:\/\/desarrollo.grupomedios.com\/futbol\/wp-json\/wp\/v2\/categories?post=255200"},{"taxonomy":"post_tag","embeddable":true,"href":"http:\/\/desarrollo.grupomedios.com\/futbol\/wp-json\/wp\/v2\/tags?post=255200"}],"curies":[{"name":"wp","href":"https:\/\/api.w.org\/{rel}","templated":true}]}}