{"id":258996,"date":"2017-02-10T08:14:54","date_gmt":"2017-02-10T14:14:54","guid":{"rendered":"http:\/\/www.futboltotal.com.mx\/?p=258996"},"modified":"2017-02-10T09:25:03","modified_gmt":"2017-02-10T15:25:03","slug":"10-cosas-de-radamel-falcao","status":"publish","type":"post","link":"http:\/\/desarrollo.grupomedios.com\/futbol\/futbol-internacional\/10-cosas-de-radamel-falcao\/2017\/02","title":{"rendered":"10 cosas sobre Radamel Falcao"},"content":{"rendered":"<p>A 31 a\u00f1os de que naciera uno de los goleadores con m\u00e1s capacidades t\u00e9cnicas para la definici\u00f3n (cabeceo, disparo certero con ambas piernas y gambeta), <strong>Futbol Total<\/strong> se encarga de traer para ti las 10 cosas de <a href=\"http:\/\/http:\/\/www.futboltotal.com.mx\/jugadores\/radamel-falcao\/\"><strong>Radamel Falcao<\/strong><\/a>. Desde sus inicios estaba destinado a gozar del futbol, sin embargo, existieron obst\u00e1culos en su carrera que lo convirtieron en una fiera, llegando a convertirlo en \u00eddolo de toda Colombia y admirado por su talento a nivel mundial. \u00a1Qu\u00e9 le llamen el Tigre no es de a gratis!<\/p>\n<p>1.- <strong>Beb\u00e9<\/strong> | Falcao ten\u00eda tres meses cuando ya mov\u00eda sus pies en la cuna con sus zapatitos marca Puma. &#8220;Como dibujando en el aire sus primeras chilenas. Con eso parec\u00eda que se anunciaba su futuro&#8221;, cuenta su madre, Carmenza Z\u00e1rate. A su lado ten\u00eda un bal\u00f3n a su medida que su padre, Radamel Garc\u00eda le compr\u00f3 al nacer.<\/p>\n<p><a href=\"https:\/\/www.futboltotal.com.mx\/wp-content\/uploads\/2016\/02\/Falcao-Garcia-p-549x366.jpg\"><img decoding=\"async\" loading=\"lazy\" class=\"alignnone size-full wp-image-459704\" src=\"https:\/\/www.futboltotal.com.mx\/wp-content\/uploads\/2016\/02\/Falcao-Garcia-p-549x366.jpg\" alt=\"10 cosas sobre Radamel Falcao 0\" srcset=\"http:\/\/desarrollo.grupomedios.com\/futbol\/wp-content\/uploads\/2016\/02\/Falcao-Garcia-p-549x366.jpg 549w, http:\/\/desarrollo.grupomedios.com\/futbol\/wp-content\/uploads\/2016\/02\/Falcao-Garcia-p-549x366-300x200.jpg 300w\" sizes=\"(max-width: 549px) 100vw, 549px\" \/><\/a><\/p>\n<p>2.- <strong>Sacrificio <\/strong>| Por su entrega al futbol, nunca tuvo tiempo libre. Cuando era adolescente, si no estaba en la cancha, iba a clase al Nuevo Gimnasio Cristiano en Bogot\u00e1. &#8220;Ve\u00eda a mis compa\u00f1eros que se tomaban un d\u00eda libre, iban a un centro comercial. Yo no. No pude disfrutar de mi adolescencia como la mayor\u00eda&#8221;, comenta.<\/p>\n<p>3.- <strong>Tigre<\/strong> | El apodo con el que se le conoce se lo puso Gonzalo Ludue\u00f1a, su compa\u00f1ero en la Octava Divisi\u00f3n de River Plate, luego de que Radamel Falcao metiera siete goles en un partido jugado en 2001. &#8220;Me dijo:&#8217;Che, fuiste el Tigre de la cancha&#8217;, Y as\u00ed se me qued\u00f3&#8221;, recuerda el delantero.<\/p>\n<p>4.- <strong>Descalzo <\/strong>| Seg\u00fan cuenta, sus padres le han dicho que de ni\u00f1o jugaba en las calles sin zapatos y le sangraban los pies, pero al d\u00eda siguiente volv\u00edaa jugar. Su padre lo confirma: &#8220;El futbol era su pasi\u00f3n y no se le pod\u00eda poner un freno. Le dol\u00eda, pero no paraba&#8221;.<\/p>\n<p>5.- <strong>Imitador<\/strong> | El desempe\u00f1o que ha mostrado como artillero se lo atribuye a varios goleadores que le han servido para moldear su juego: &#8220;Aprend\u00ed de Ronaldo, Batistuta y Crespo&#8221;. Y sin decir sus nombres tambi\u00e9n le da cr\u00e9dito a los entrenadores que ha tenido: &#8220;No ha habido uno solo de quien no haya aprendido algo&#8221;.<\/p>\n<p><a href=\"https:\/\/www.futboltotal.com.mx\/wp-content\/uploads\/2016\/02\/ronaldo.jpg\"><img decoding=\"async\" loading=\"lazy\" class=\"alignnone size-full wp-image-459707\" src=\"https:\/\/www.futboltotal.com.mx\/wp-content\/uploads\/2016\/02\/ronaldo.jpg\" alt=\"10 cosas sobre Radamel Falcao 1\" srcset=\"http:\/\/desarrollo.grupomedios.com\/futbol\/wp-content\/uploads\/2016\/02\/ronaldo.jpg 755w, http:\/\/desarrollo.grupomedios.com\/futbol\/wp-content\/uploads\/2016\/02\/ronaldo-300x194.jpg 300w\" sizes=\"(max-width: 755px) 100vw, 755px\" \/><\/a><\/p>\n<p>6.- <strong>Rechazos<\/strong> | Cuando ten\u00eda once a\u00f1os recibi\u00f3 una oferta para ser llevado a Holanda por el Ajax, pero \u00e9l y su familia decidieron que era muy joven para emigrar a Europa. En 2000 realiz\u00f3 una prueba con V\u00e9lez Sarsfield pero no se qued\u00f3.<\/p>\n<p>7.- <strong>Placer<\/strong> | Uno de sus climas predilectos es la lluvia. Cuenta que cuando esta cae le gusta permanecer en casa &#8220;disfrutando de un rico caf\u00e9&#8221;. Tambi\u00e9n le agrada para descansar:&#8221;\u00a1Qu\u00e9 lindo es dormir bajo el sonido de la lluvia!&#8221;, expresa.<\/p>\n<p>8.- <strong>Devoto<\/strong> | \u00c9l mismo revela los rituales religiosos que practica antes de los juegos: &#8220;Rezo y leo la Biblia&#8221;. Incluso comparte que cuando gan\u00f3 la <em>Europa League<\/em> 2011-2012 con el Atleti subi\u00f3 a su habitaci\u00f3n del hotel de concentraci\u00f3n para arrodillarse y darle gracias a Dios.<\/p>\n<p>9.- <strong>C\u00e1bala<\/strong> | Tras terminar el calentamiento previo a los partidos, <strong>Radamel Falcao<\/strong> no puede retirarse a los vestidores sin enviar un disparo que termine en las redes. &#8220;Hay que irse con el gol, de lo contrario sigo pateando hasta que lo consiga. Esto es as\u00ed&#8221;, confiesa.<\/p>\n<p><a href=\"https:\/\/www.futboltotal.com.mx\/wp-content\/uploads\/2016\/02\/falcao_100.jpg\"><img decoding=\"async\" loading=\"lazy\" class=\"alignnone size-full wp-image-459709\" src=\"https:\/\/www.futboltotal.com.mx\/wp-content\/uploads\/2016\/02\/falcao_100.jpg\" alt=\"10 cosas sobre Radamel Falcao 2\" srcset=\"http:\/\/desarrollo.grupomedios.com\/futbol\/wp-content\/uploads\/2016\/02\/falcao_100.jpg 700w, http:\/\/desarrollo.grupomedios.com\/futbol\/wp-content\/uploads\/2016\/02\/falcao_100-300x200.jpg 300w\" sizes=\"(max-width: 700px) 100vw, 700px\" \/><\/a><\/p>\n<p>10.- <strong>Amigo<\/strong> | Pese a que todo Colombia esperaba una recuperaci\u00f3n milagrosa para que disputase el Mundial, <strong>Falcao<\/strong> decidi\u00f3 cederle su lugar a un compa\u00f1ero al 100\u00a0por ciento\u00a0para la cita. &#8220;Hoy solo puedo sonre\u00edr por haberlo intentado hasta el final&#8221;, sentenci\u00f3 <strong>Radamel<\/strong>\u00a0en su cuenta de Twitter.<\/p>\n","protected":false},"excerpt":{"rendered":"<p>El colombiano est\u00e1 de fiesta y celebra 31 a\u00f1os <\/p>\n","protected":false},"author":20,"featured_media":459710,"comment_status":"closed","ping_status":"closed","sticky":false,"template":"","format":"standard","meta":[],"categories":[7570,3839],"tags":[5689,4902],"_links":{"self":[{"href":"http:\/\/desarrollo.grupomedios.com\/futbol\/wp-json\/wp\/v2\/posts\/258996"}],"collection":[{"href":"http:\/\/desarrollo.grupomedios.com\/futbol\/wp-json\/wp\/v2\/posts"}],"about":[{"href":"http:\/\/desarrollo.grupomedios.com\/futbol\/wp-json\/wp\/v2\/types\/post"}],"author":[{"embeddable":true,"href":"http:\/\/desarrollo.grupomedios.com\/futbol\/wp-json\/wp\/v2\/users\/20"}],"replies":[{"embeddable":true,"href":"http:\/\/desarrollo.grupomedios.com\/futbol\/wp-json\/wp\/v2\/comments?post=258996"}],"version-history":[{"count":0,"href":"http:\/\/desarrollo.grupomedios.com\/futbol\/wp-json\/wp\/v2\/posts\/258996\/revisions"}],"wp:featuredmedia":[{"embeddable":true,"href":"http:\/\/desarrollo.grupomedios.com\/futbol\/wp-json\/wp\/v2\/media\/459710"}],"wp:attachment":[{"href":"http:\/\/desarrollo.grupomedios.com\/futbol\/wp-json\/wp\/v2\/media?parent=258996"}],"wp:term":[{"taxonomy":"category","embeddable":true,"href":"http:\/\/desarrollo.grupomedios.com\/futbol\/wp-json\/wp\/v2\/categories?post=258996"},{"taxonomy":"post_tag","embeddable":true,"href":"http:\/\/desarrollo.grupomedios.com\/futbol\/wp-json\/wp\/v2\/tags?post=258996"}],"curies":[{"name":"wp","href":"https:\/\/api.w.org\/{rel}","templated":true}]}}