{"id":265442,"date":"2015-09-11T07:55:20","date_gmt":"2015-09-11T12:55:20","guid":{"rendered":"http:\/\/www.futboltotal.com.mx\/?p=265442"},"modified":"2015-09-16T17:58:48","modified_gmt":"2015-09-16T22:58:48","slug":"el-futbolista-de-los-tres-mundiales-con-distintos-paises","status":"publish","type":"post","link":"http:\/\/desarrollo.grupomedios.com\/futbol\/futbol-internacional\/el-futbolista-de-los-tres-mundiales-con-distintos-paises\/2015\/09","title":{"rendered":"El futbolista de los tres mundiales con distintos pa\u00edses"},"content":{"rendered":"<p><strong>Dejan Stankovic<\/strong> es un jugador con una trayectoria \u00fanica y el hito que marc\u00f3 ser\u00e1 casi imposible de igualar por alguien m\u00e1s. Futbol\u00edsticamente era excelente; sin embargo, no fue por sus remates potentes o su f\u00e9rrea marca por lo que entr\u00f3 a los libros de r\u00e9cords en el futbol. Su nombre quedar\u00e1 grabado con letras de oro porque es el <span style=\"color: #ff0000;\"><strong>\u00fanico jugador que asisti\u00f3 a tres mundiales con pa\u00edses disintos\u00a0<\/strong><\/span>y hoy, en el d\u00eda de su cumplea\u00f1os, recordamos la historia de su impresionante haza\u00f1a.<\/p>\n<p>El volante jug\u00f3 la Copa de Francia 1998 con <strong>Yugoslavia<\/strong>, participando en los tres compromisos de la fase de grupos. Apenas acababa de cumplir 20 a\u00f1os. Pero para su mala fortuna no aline\u00f3 en los octavos de final, donde quedaron fuera. De esa manera esa ser\u00eda su \u00fanica participaci\u00f3n mundialista con Yugoslavia, pues para 2001 se disolvi\u00f3 en cinco estados independientes y, al haber nacido en la ciudad de Belgrado, se convirti\u00f3 en serbiomontenegrino.<\/p>\n<p>Con <strong>Serbia y Montenegro<\/strong> particip\u00f3 en Alemania 2006, cita a la cual lleg\u00f3 como un jugador consolidado. All\u00ed nuevamente jug\u00f3 en los tres duelos de la primera fase; no obstante, los resultados fueron desastrosos y quedaron eliminados en el llamado &#8216;grupo de la muerte&#8217; de aquel certamen -Holanda, Argentina y Costa de Marfil-, donde no solo pisaron el fondo del sector, sino de toda la competici\u00f3n.<\/p>\n<p>Otra vez conflictos pol\u00edticos generaron una nueva divisi\u00f3n y otro cambio forzado para Dejan. Todo fue justamente en mayo del 2006, a solo un mes de dar comienzo la Copa del Mundo. La poblaci\u00f3n de Montenegro se someti\u00f3 a un refer\u00e9ndum para independizarse. As\u00ed, el 55 por ciento de las votaciones dictaron la independencia. Sin embargo, con el Mundial a la vuelta de la esquina jugaron como una sola naci\u00f3n, aunque los resultados demostraron la terrible divisi\u00f3n que existi\u00f3 en el talentoso combinado.<\/p>\n<p>Al regresar de suelo alem\u00e1n ya eran dos selecciones aparte. Para el siguiente ciclo mundialista logr\u00f3 la clasificaci\u00f3n con <strong>Serbia<\/strong>, en el cual otra vez disput\u00f3 toda la fase de grupos, pero nada m\u00e1s, ya que quedaron fuera tras los primeros tres encuentros.<\/p>\n<p><strong>Dejan Stankovic<\/strong> marc\u00f3 \u00e9poca en el Inter, y su estela permanecer\u00e1 en los libros de hitos del futbol por esta peculiar raz\u00f3n. En la memoria de los fan\u00e1ticos al balompie, su talento quedar\u00e1 para la posteridad.<\/p>\n<p><iframe loading=\"lazy\" src=\"https:\/\/www.youtube.com\/embed\/IP-CKvuArH8\" frameborder=\"0\" allowfullscreen=\"allowfullscreen\"><\/iframe><\/p>\n","protected":false},"excerpt":{"rendered":"<p>Dejan Stankovic tiene la particularidad de haber jugado para tres naciones en el magno evento<\/p>\n","protected":false},"author":20,"featured_media":310776,"comment_status":"open","ping_status":"open","sticky":false,"template":"","format":"standard","meta":[],"categories":[3839,5951],"tags":[6168,3555,133],"_links":{"self":[{"href":"http:\/\/desarrollo.grupomedios.com\/futbol\/wp-json\/wp\/v2\/posts\/265442"}],"collection":[{"href":"http:\/\/desarrollo.grupomedios.com\/futbol\/wp-json\/wp\/v2\/posts"}],"about":[{"href":"http:\/\/desarrollo.grupomedios.com\/futbol\/wp-json\/wp\/v2\/types\/post"}],"author":[{"embeddable":true,"href":"http:\/\/desarrollo.grupomedios.com\/futbol\/wp-json\/wp\/v2\/users\/20"}],"replies":[{"embeddable":true,"href":"http:\/\/desarrollo.grupomedios.com\/futbol\/wp-json\/wp\/v2\/comments?post=265442"}],"version-history":[{"count":0,"href":"http:\/\/desarrollo.grupomedios.com\/futbol\/wp-json\/wp\/v2\/posts\/265442\/revisions"}],"wp:featuredmedia":[{"embeddable":true,"href":"http:\/\/desarrollo.grupomedios.com\/futbol\/wp-json\/wp\/v2\/media\/310776"}],"wp:attachment":[{"href":"http:\/\/desarrollo.grupomedios.com\/futbol\/wp-json\/wp\/v2\/media?parent=265442"}],"wp:term":[{"taxonomy":"category","embeddable":true,"href":"http:\/\/desarrollo.grupomedios.com\/futbol\/wp-json\/wp\/v2\/categories?post=265442"},{"taxonomy":"post_tag","embeddable":true,"href":"http:\/\/desarrollo.grupomedios.com\/futbol\/wp-json\/wp\/v2\/tags?post=265442"}],"curies":[{"name":"wp","href":"https:\/\/api.w.org\/{rel}","templated":true}]}}