{"id":270838,"date":"2015-04-14T13:08:25","date_gmt":"2015-04-14T18:08:25","guid":{"rendered":"http:\/\/www.futboltotal.com.mx\/?p=270838"},"modified":"2015-08-04T12:20:11","modified_gmt":"2015-08-04T17:20:11","slug":"el-dia-que-guardiola-se-enamoro-de-un-mexicano","status":"publish","type":"post","link":"http:\/\/desarrollo.grupomedios.com\/futbol\/futbol-mexicano\/el-dia-que-guardiola-se-enamoro-de-un-mexicano\/2015\/04","title":{"rendered":"El d\u00eda que Guardiola se enamor\u00f3 de un mexicano"},"content":{"rendered":"<p>En M\u00e9xico pasaban las 4 de la tarde del s\u00e1bado 24 de junio de 2006, La <a href=\"http:\/\/www.futboltotal.com.mx\/equipos\/seleccion-mexicana\/\" target=\"_blank\"><strong>Selecci\u00f3n Nacional<\/strong> <\/a>pele\u00f3 hasta el \u00faltimo instante, pero al final se repiti\u00f3 la historia, otra vez eliminados en Octavos de Final de un Mundial, est\u00e1 vez a manos de Argentina.<\/p>\n<p>Pero aquella noche en Leipzig, Alemania, no todo qued\u00f3 perdido para el <em>Tri<\/em>, pues Rafael M\u00e1rquez, Carlos Salcido, Jos\u00e9 Antonio Castro y <strong>Ricardo Osorio<\/strong> lograron contener a toda la delantera sudamericana; solo el golazo monumental de Maxi Rodr\u00edguez al 98&#8242;, pudo vencer a la zaga <em>azteca<\/em> y a Oswaldo S\u00e1nchez.<\/p>\n<p>\u00a1Se acab\u00f3! Argentina 2-1 M\u00e9xico, el <em>Tri<\/em> ten\u00eda que regresar al pa\u00eds tras la eliminaci\u00f3n, pero el mundo conoci\u00f3 a un gran defensa de nombre <strong>Ricardo Osorio<\/strong>; un futbolista que enamor\u00f3 a m\u00e1s de uno, inclusive a<strong> Pep Guardiola,<\/strong> s\u00ed el t\u00e9cnico que domin\u00f3 la estrategia a\u00f1os despu\u00e9s y que sentenci\u00f3 que el zaguero pudo haber jugado en Real Madrid o Barcelona sin ning\u00fan problema&#8230; Hoy en d\u00eda milita en <strong>Gallos Blancos de Quer\u00e9taro.\u00a0<\/strong><\/p>\n<p>\u201c<strong>Osorio<\/strong> no s\u00f3lo puede jugar en Espa\u00f1a. Puede jugar en el Madrid y en el Bar\u00e7a. En un grande porque en todo el Mundial ha jugado de grande. Con talento para defender (no es exclusividad de los atacantes ) y talento para atacar. El mano a mano con T\u00e9vez al final del partido, llevando al argentino a la izquierda sabiendo que siempre busca ir a su derecha, es talento defensivo. Salir jugando como lo hizo \u00e9l es talento ofensivo. Y para jugar en un grande, en Espa\u00f1a, se necesitan las dos cosas. Con una sola, a veces, no alcanza\u201d, as\u00ed de grande fue la impresi\u00f3n de <strong>Pep Guardiola<\/strong> al ver al futbolista, en ese entonces del Cruz Azul, lugar donde conoci\u00f3 a uno de los mejores defensas del mundo, seg\u00fan su punto de vista que plasm\u00f3 en una columna del <em>diario El Pa\u00eds.<\/em><\/p>\n<p>\u201cA <strong>Osorio<\/strong> lo vi por primera vez en M\u00e9xico. Antes no sab\u00eda nada de \u00e9l. Ya se sabe que, cuando no se ve, no se sabe. Y aqu\u00ed de M\u00e9xico no se ve nada. Lo descubr\u00ed viendo un v\u00eddeo. \u00cdbamos a jugar contra el equipo de <strong>Osorio<\/strong>, Cruz Azul, y no sab\u00eda nada de ellos. No pod\u00edamos presionarles arriba. Hacerlo con <strong>Osorio<\/strong> en el campo, un atrevimiento demasiado mayor para un equipo como el nuestro\u201d&#8230; \u00bfAlguna duda de lo que provocaba <strong>Osorio<\/strong> en <strong>Pep<\/strong>? &#8211; seguro le recordaba sus mejores tiempos en el Bar\u00e7a.<\/p>\n<p>Y esto no fue todo, <strong>Guardiola<\/strong> \u2013 el hombre que dej\u00f3 su nombre con letras de oro en la historia cul\u00e9 \u2013 se qued\u00f3 con ganas de ver a <strong>Ricardo Osorio<\/strong> en Espa\u00f1a, aunque para fortuna del mexicano s\u00ed arrib\u00f3 al balompi\u00e9 alem\u00e1n con el Stuttgart. \u00a1Un espa\u00f1ol se enamor\u00f3 de un mexicano en Leipzhig, Alemania!<\/p>\n<p>\u201c(<strong>Osorio<\/strong>) jug\u00f3 simplemente perfecto. Comentamos con Juanma Lillo y su ayudante Ra\u00fal Caneda lo impresionados que nos hab\u00eda dejado. Coincidimos en que ten\u00eda nivel para jugar en la Liga espa\u00f1ola. Por ser menudo, sin mucha presencia, y por nuestros malditos prejuicios, que siempre est\u00e1n y nunca desaparecen (ya se sabe que los centrales tienen que ser altos y fuertes), nos citamos a futuras presencias de <strong>Osorio<\/strong> para ver si nuestra primera impresi\u00f3n, como se dice, es la que vale\u201d&#8230; \u00bfAlguna duda de lo que pasaba por la mente del estratega hoy del Bayern Munich?<\/p>\n<p>As\u00ed como este d\u00eda <strong>Guardiola<\/strong> habl\u00f3 de H\u00e9ctor Herrera, hace ocho a\u00f1os fue conquistado por Ricardo Osorio, \u00bfesto para quien dice que el futbol mexicano no importa en el mundo?<\/p>\n","protected":false},"excerpt":{"rendered":"<p>Para el DT espa\u00f1ol, Ricardo Osorio pudo haber jugado en Real Madrid o Barcelona <\/p>\n","protected":false},"author":20,"featured_media":270840,"comment_status":"open","ping_status":"open","sticky":false,"template":"","format":"standard","meta":[],"categories":[5419,2198,3845],"tags":[2510],"_links":{"self":[{"href":"http:\/\/desarrollo.grupomedios.com\/futbol\/wp-json\/wp\/v2\/posts\/270838"}],"collection":[{"href":"http:\/\/desarrollo.grupomedios.com\/futbol\/wp-json\/wp\/v2\/posts"}],"about":[{"href":"http:\/\/desarrollo.grupomedios.com\/futbol\/wp-json\/wp\/v2\/types\/post"}],"author":[{"embeddable":true,"href":"http:\/\/desarrollo.grupomedios.com\/futbol\/wp-json\/wp\/v2\/users\/20"}],"replies":[{"embeddable":true,"href":"http:\/\/desarrollo.grupomedios.com\/futbol\/wp-json\/wp\/v2\/comments?post=270838"}],"version-history":[{"count":0,"href":"http:\/\/desarrollo.grupomedios.com\/futbol\/wp-json\/wp\/v2\/posts\/270838\/revisions"}],"wp:featuredmedia":[{"embeddable":true,"href":"http:\/\/desarrollo.grupomedios.com\/futbol\/wp-json\/wp\/v2\/media\/270840"}],"wp:attachment":[{"href":"http:\/\/desarrollo.grupomedios.com\/futbol\/wp-json\/wp\/v2\/media?parent=270838"}],"wp:term":[{"taxonomy":"category","embeddable":true,"href":"http:\/\/desarrollo.grupomedios.com\/futbol\/wp-json\/wp\/v2\/categories?post=270838"},{"taxonomy":"post_tag","embeddable":true,"href":"http:\/\/desarrollo.grupomedios.com\/futbol\/wp-json\/wp\/v2\/tags?post=270838"}],"curies":[{"name":"wp","href":"https:\/\/api.w.org\/{rel}","templated":true}]}}