{"id":270940,"date":"2016-01-22T11:06:39","date_gmt":"2016-01-22T17:06:39","guid":{"rendered":"http:\/\/www.futboltotal.com.mx\/?p=270940"},"modified":"2016-01-22T14:26:03","modified_gmt":"2016-01-22T20:26:03","slug":"10-grandes-porteros-de-los-ultimos-30-anos","status":"publish","type":"post","link":"http:\/\/desarrollo.grupomedios.com\/futbol\/destacado-home\/10-grandes-porteros-de-los-ultimos-30-anos\/2016\/01","title":{"rendered":"10 grandes porteros de los \u00faltimos tiempos"},"content":{"rendered":"<p>Hoy es cumplea\u00f1os de Rogerio Ceni (43 a\u00f1os), <span style=\"color: #3366ff;\"><a style=\"color: #3366ff;\" href=\"http:\/\/futboltotal.com.mx\/2015\/01\/rogerio-ceni-porteros-muchos-leyendas-pocas\/\">el portero m\u00e1s goleador de la historia<\/a> <\/span>y eso es un\u00a0buen pretexto para\u00a0presentar a <strong>10 grandes guardametas<\/strong> de los \u00faltimo tiempos.\u00a0Uno es pilar de la gran \u00e9poca de su selecci\u00f3n; otro le dio a su club una <em>Champions League<\/em>, al atajar tres penales en una Final; alguno m\u00e1s no se resign\u00f3 a evitar que le anotaran goles, pues tambi\u00e9n se anim\u00f3 a hacerlos y a montones. Esta es una colecci\u00f3n de los mejores porteros en la \u00e9poca reciente del futbol.<\/p>\n<p><span style=\"color: #ff0000;\"><strong>Iker Casillas<\/strong><\/span> | Pilar de la Espa\u00f1a Hist\u00f3rica<br \/>\n\u201cQue la diferencia la marquen los porteros en un partido, no ocurre casi nunca\u201d, coment\u00f3 el legendario arquero Dino Zoff en una entrevista sobre el partido de Cuartos de Final de la Eurocopa 2008, donde Italia y Espa\u00f1a se enfrentar\u00edan. Unas horas m\u00e1s tarde, con una actuaci\u00f3n sublime, <strong>Iker Casillas<\/strong>\u00a0marc\u00f3 la diferencia al detener dos penales a la <em>Squadra Azzurra<\/em>, encamin\u00f3 a Espa\u00f1a a la Final, donde vencieron a Alemania.<\/p>\n<p>Fecha de nacimiento: 20\/05\/1981<br \/>\nLugar de Nacimiento: Madrid, Espa\u00f1a<br \/>\nEquipo: Real Madrid y Porto<br \/>\nDebut: 12 de septiembre de 1999<br \/>\nMundiales: 2002, 2006, 2010 y 2014<\/p>\n<p><iframe loading=\"lazy\" src=\"https:\/\/www.youtube.com\/embed\/aMAhDd_IkzE?feature=oembed\" frameborder=\"0\" allowfullscreen><\/iframe><\/p>\n<p><strong><span style=\"color: #ff0000;\">Manuel Neuer<\/span><\/strong> | El guardameta-l\u00edbero<br \/>\nSepp Maier, portero que en 1974 fue campe\u00f3n de Europa con el Bayern M\u00fanich y del mundo con Alemania, mand\u00f3 un mensaje en v\u00edsperas de la gala del Bal\u00f3n de Oro 2014: \u201cSi <strong>Manuel Neuer<\/strong>\u00a0no gana el premio ser\u00e1 porque lo han decidido personas ciegas\u201d.<\/p>\n<p>Fecha de nacimiento: 27\/03\/1986<br \/>\nLugar de Nacimiento: Gelsenkirchen, Alemania<br \/>\nEquipo: Schalke 04 y Bayern M\u00fanich<br \/>\nDebut: 2005<br \/>\nMundiales: 2010 y 2014<\/p>\n<p><iframe loading=\"lazy\" src=\"https:\/\/www.youtube.com\/embed\/xWSV7Wx-nps?feature=oembed\" frameborder=\"0\" allowfullscreen><\/iframe><\/p>\n<p><span style=\"color: #ff0000;\"><strong>Oliver Kahn<\/strong><\/span> | El ogro de la caba\u00f1a<\/p>\n<p>\u201c<strong>Oliver Kahn<\/strong> tiene cara de bulldog, pero impresiona, m\u00e1s que nada, por su trayectoria\u201d, as\u00ed se expres\u00f3 \u00c1ngel Alb\u00edn, delantero uruguayo que jug\u00f3 para el Getafe, despu\u00e9s de enfrentar al imponente portero alem\u00e1n en un partido de la Copa UEFA.<\/p>\n<p>Fecha de nacimiento: 15\/06\/1969<br \/>\nLugar de nacimiento: Karlsruhe, Alemania<br \/>\nEquipo: Karlsruher\u00a0y\u00a0Bayern M\u00fanich<br \/>\nDebut: 1987<br \/>\nRetiro: 2008<br \/>\nMundiales: 1994, 1998, 2002 y 2006<\/p>\n<p><iframe loading=\"lazy\" src=\"https:\/\/www.youtube.com\/embed\/EFaYcRfayOM?feature=oembed\" frameborder=\"0\" allowfullscreen><\/iframe><\/p>\n<p><span style=\"color: #ff0000;\"><strong>Petr Cech<\/strong><\/span> | La muralla <em>blue<br \/>\n<\/em><\/p>\n<p>Galardonado como Mejor Portero del Mundo por la IFFHS en 2005 y ganador de tres Guantes de Oro de la Liga Premier, entre otros premios y r\u00e9cords de imbatibilidad, <strong>Petr Cech<\/strong>\u00a0ha marcado todo un legado con el Chelsea, al ser pieza clave para que los <em>Blues<\/em> ganaran el t\u00edtulo de liga tras 50 a\u00f1os de no hacerlo; adem\u00e1s, gui\u00f3 al equipo a conquistar su primera <em>Champions League<\/em> en 2012, al atajar un penal en la tanda final ante el Bayern.<\/p>\n<p>Fecha de nacimiento: 20\/05\/1982<br \/>\nLugar de Nacimiento: Plzen, Rep\u00fablica Checa<br \/>\nEquipoS: Viktoria Plzen, Chmel Blsany, Sparta Praga, Stade<br \/>\nRennais, Chelsea y Arsenal<br \/>\nDebut: 1999<br \/>\nMundiales: 2006<\/p>\n<p><iframe loading=\"lazy\" src=\"https:\/\/www.youtube.com\/embed\/w_sMVR8dlC0?feature=oembed\" frameborder=\"0\" allowfullscreen><\/iframe><\/p>\n<p><strong><span style=\"color: #ff0000;\">Gianluigi Buffon\u00a0<\/span><\/strong>| Cinco copas <em>Azzurro<\/em><\/p>\n<p>En el Mundial Brasil 2014, <strong>Gianluigi Buffon<\/strong> se convirti\u00f3 en el tercer Cinco Copas, pero donde destac\u00f3 m\u00e1s fue en la de Alemania 2006: Italia fue de menos a m\u00e1s en el torneo.<\/p>\n<p>Fecha de nacimiento: 28\/01\/1978<br \/>\nLugar de Nacimiento: Carrara, Italia.<br \/>\nEquipo: Parma, Juventus<br \/>\nDebut: 1995<br \/>\nMundiales: 1998, 2002, 2006, 2010 y 2014<\/p>\n<p><iframe loading=\"lazy\" src=\"https:\/\/www.youtube.com\/embed\/DhWs1jiAtW4?feature=oembed\" frameborder=\"0\" allowfullscreen><\/iframe><\/p>\n<p><strong><span style=\"color: #ff0000;\">Rog\u00e9rio Ceni<\/span> | <\/strong>Era delantero, pero le gust\u00f3 m\u00e1s el arco<\/p>\n<p>Cada vez que la hinchada del Sao Paulo se refiere a su \u00eddolo y capit\u00e1n, lo hace con pleites\u00eda: \u201cTodos los equipos tienen un portero; nosotros tenemos a <strong>Rogerio Ceni<\/strong>\u201d.<\/p>\n<p>Fecha de nacimiento: 22\/01\/1973<br \/>\nLugar de NacimientOnParan\u00e1, Brasil<br \/>\nEquipos: Sinop, Sao Paulo<br \/>\nDebut: 1990<br \/>\nMundiales: 2002 y 2006<\/p>\n<p><iframe loading=\"lazy\" src=\"https:\/\/www.youtube.com\/embed\/-PAr8PRjU8c?feature=oembed\" frameborder=\"0\" allowfullscreen><\/iframe><\/p>\n<p><span style=\"color: #ff0000;\"><strong>Edwin van der Sar<\/strong> <\/span>| Un r\u00e9cord y un penal inolvidables<\/p>\n<p>En la goleada de 5-0 del Manchester United sobre el Stoke City, el 15 de noviembre de 2008, Cristiano Ronaldo marc\u00f3 su gol 100 con los <em>Red Devils<\/em>. Ese mismo d\u00eda, el portero del United, <strong>Edwin van der Sar<\/strong> comenz\u00f3 una racha impresionante.<\/p>\n<p>Fecha de nacimiento: 29\/10\/1970<br \/>\nLugar de Nacimiento: Voorhout, Holanda<br \/>\nHolanda. Equipo: Ajax, Juventus, Fulham\u00a0y\u00a0Manchester United<br \/>\nDebut: 1990<br \/>\nRetiro: 2011<br \/>\nMundiales: 1994, 1998 y 2006<\/p>\n<p><iframe loading=\"lazy\" src=\"https:\/\/www.youtube.com\/embed\/kiDdyaePxho?feature=oembed\" frameborder=\"0\" allowfullscreen><\/iframe><\/p>\n<p><span style=\"color: #ff0000;\"><strong>Dida<\/strong><\/span> | Gigante de \u00e9bano<\/p>\n<p>El Mil\u00e1n le debe la <em>Champions League<\/em> de la temporada 2002-03 a <strong>Dida<\/strong>. Aquel 28 de mayo de 2003, Nelson de Jesus Silva, un gigante de 1.96 metros, hizo gala de su maestr\u00eda para atajar penales en la final ante la Juventus. Tras un 0-0 en 120 minutos, el brasile\u00f1o rechaz\u00f3 los disparos de David Trezeguet, Marcelo Zalayeta y Paolo Montero. \u201cSan Dida pone al Mil\u00e1n en la cima de Europa\u201d, destac\u00f3 el diario brasile\u00f1o Folha de Sao Paulo.<\/p>\n<p>Fecha de nacimiento: 07\/10\/1973<br \/>\nLugar de Nacimiento: Bah\u00eda, Brasil<br \/>\nEquipos: Vit\u00f3ria, Cruzeiro, Corinthians, Mil\u00e1n, Portuguesa, Gremio\u00a0e\u00a0Inter de Porto Alegre<br \/>\nDebut: 1999<br \/>\nMundiales: 1998, 2002 y 2006<\/p>\n<p><iframe loading=\"lazy\" src=\"https:\/\/www.youtube.com\/embed\/3xJVR-gCUSY?feature=oembed\" frameborder=\"0\" allowfullscreen><\/iframe><\/p>\n<p><span style=\"color: #ff0000;\"><strong>Jens Lehmann<\/strong> <\/span>| El guardi\u00e1n de los invencibles<\/p>\n<p>Cuando el alem\u00e1n <strong>Jens Lehmann<\/strong> anunci\u00f3 su retiro de las canchas en abril de 2010, Arsene Wenger, t\u00e9cnico del Arsenal, no escatim\u00f3 loas para el portero que les ayud\u00f3 a conseguir, invictos, el t\u00edtulo de la temporada 2003-04 de la <em>Premier League<\/em>.<\/p>\n<p>Fecha de nacimiento: 10\/11\/1969<br \/>\nLugar de Nacimiento: Essen, Alemania<br \/>\nEquipos: Schalke 04, Mil\u00e1n, Borussia Dortmund, Arsenal\u00a0y\u00a0Stuttgart<br \/>\nDebut: 1988<br \/>\nRetiro: 2011<br \/>\nMundiales: 1998, 2002 y 2006<\/p>\n<p><iframe loading=\"lazy\" src=\"https:\/\/www.youtube.com\/embed\/4ZkyQj2XWAU?feature=oembed\" frameborder=\"0\" allowfullscreen><\/iframe><\/p>\n<p><span style=\"color: #ff0000;\"><strong>Jorge Campos<\/strong> <\/span>| El chapul\u00edn <em>azteca<br \/>\n<\/em><\/p>\n<p>Su colorido uniforme era el primer motivo para voltear a verlo, sin embargo, el <em>Brody<\/em> se gan\u00f3 el respeto y admiraci\u00f3n a nivel mundial por sus espectaculares atajadas.<\/p>\n<p>Fecha de nacimiento: 15\/10\/1966<br \/>\nLugar de nacimiento: Guerreros, M\u00e9xico<br \/>\nEquipos: Pumas, Atlante, Galaxy, Cruz Azul, Chicago Fire, Tigres y Puebla<br \/>\nDebut: 1988<br \/>\nRetiro: 2003<br \/>\nMundiales: 1994, 1998 y 2002<\/p>\n<p><iframe loading=\"lazy\" src=\"https:\/\/www.youtube.com\/embed\/b3TPn730-n8?feature=oembed\" frameborder=\"0\" allowfullscreen><\/iframe><\/p>\n<p style=\"text-align: center;\"><span style=\"color: #3366ff;\"><strong><a style=\"color: #3366ff;\" href=\"http:\/\/futboltotal.com.mx\/2015\/01\/rogerio-ceni-porteros-muchos-leyendas-pocas\/\">LEER M\u00c1S: Rogerio Ceni: porteros muchos, leyendas pocas.<\/a><\/strong><\/span><\/p>\n","protected":false},"excerpt":{"rendered":"<p>Futbol Total rememora aalgunas leyendas del arco<\/p>\n","protected":false},"author":20,"featured_media":350747,"comment_status":"open","ping_status":"open","sticky":false,"template":"","format":"standard","meta":[],"categories":[5,3839],"tags":[6027,6019,4896,2620],"_links":{"self":[{"href":"http:\/\/desarrollo.grupomedios.com\/futbol\/wp-json\/wp\/v2\/posts\/270940"}],"collection":[{"href":"http:\/\/desarrollo.grupomedios.com\/futbol\/wp-json\/wp\/v2\/posts"}],"about":[{"href":"http:\/\/desarrollo.grupomedios.com\/futbol\/wp-json\/wp\/v2\/types\/post"}],"author":[{"embeddable":true,"href":"http:\/\/desarrollo.grupomedios.com\/futbol\/wp-json\/wp\/v2\/users\/20"}],"replies":[{"embeddable":true,"href":"http:\/\/desarrollo.grupomedios.com\/futbol\/wp-json\/wp\/v2\/comments?post=270940"}],"version-history":[{"count":0,"href":"http:\/\/desarrollo.grupomedios.com\/futbol\/wp-json\/wp\/v2\/posts\/270940\/revisions"}],"wp:featuredmedia":[{"embeddable":true,"href":"http:\/\/desarrollo.grupomedios.com\/futbol\/wp-json\/wp\/v2\/media\/350747"}],"wp:attachment":[{"href":"http:\/\/desarrollo.grupomedios.com\/futbol\/wp-json\/wp\/v2\/media?parent=270940"}],"wp:term":[{"taxonomy":"category","embeddable":true,"href":"http:\/\/desarrollo.grupomedios.com\/futbol\/wp-json\/wp\/v2\/categories?post=270940"},{"taxonomy":"post_tag","embeddable":true,"href":"http:\/\/desarrollo.grupomedios.com\/futbol\/wp-json\/wp\/v2\/tags?post=270940"}],"curies":[{"name":"wp","href":"https:\/\/api.w.org\/{rel}","templated":true}]}}