{"id":272213,"date":"2015-04-20T16:44:25","date_gmt":"2015-04-20T21:44:25","guid":{"rendered":"http:\/\/www.futboltotal.com.mx\/?p=272213"},"modified":"2015-08-06T14:53:43","modified_gmt":"2015-08-06T19:53:43","slug":"crimenes-de-adolf-hitler-en-el-futbol","status":"publish","type":"post","link":"http:\/\/desarrollo.grupomedios.com\/futbol\/destacado-home\/crimenes-de-adolf-hitler-en-el-futbol\/2015\/04","title":{"rendered":"Cr\u00edmenes de Adolf Hitler en el futbol"},"content":{"rendered":"<p>Este 20 de abril, se cumplen 126 a\u00f1os del nacimiento de quien fuera uno de los personajes m\u00e1s odiados de la historia: <strong>Adolf Hitler<\/strong>. El mandatario de <strong>Alemania<\/strong> que caus\u00f3 mucho da\u00f1o a la humanidad, tambi\u00e9n escribi\u00f3 una historia gris en el balompi\u00e9 <em>teut\u00f3n<\/em>, ya que su intervenci\u00f3n afect\u00f3 a cientos de futbolistas.<\/p>\n<p><strong>Cuando desaparecieron al Dynamo de Kiev<\/strong> | El 6 de agosto de 1942, la Fuerza A\u00e9rea Alemana perdi\u00f3 3-5 contra el Dynamo Kiev, por lo que los <em>teutones<\/em> pidieron revancha. El segundo partido ser\u00eda pitado por un agente alem\u00e1n, los ucranianos ganaban 2-1, y al medio tiempo, el refer\u00ed fue a advertirlos.<\/p>\n<p>El Dynamo hizo caso omiso a las amenazas e hicieron otros dos goles, al minuto 60, el \u00e1rbitro pit\u00f3 el final del encuentro y llevaron arrestada a toda la escuadra ucraniana a un campo de concentraci\u00f3n, donde fueron fusilados con sus camisetas puestas.<\/p>\n<p><strong>Sindelar y los austriacos insurrectos<\/strong> | Matthias Sindelar es considerado uno de los mejores delanteros de la historia de Austria, su \u00faltimo partido fue en 1938 frente a la selecci\u00f3n de Alemania. El encuentro fue pactado para que quedara empatado, pero los austriacos se rebelaron: vistieron camisetas rojas en vez de sus colores tradicionales y adem\u00e1s, vencieron 2 a 0 a los <em>teutones.<\/em><\/p>\n<p>Matthias se opon\u00eda al nazismo y se neg\u00f3 a pertenecer al seleccionado alem\u00e1n; ese d\u00eda, anot\u00f3 uno de los goles y fue a gritarlo en la cara de los comandantes Nazis presentes en el cotejo. Tiempo despu\u00e9s, fueron a buscar a cada integrante de aquella selecci\u00f3n, a Sindelar lo asesinaron junto con su novia, Camilla Castagnola, joven italiana de origen jud\u00edo.<\/p>\n<p><strong>La era oscura del balompi\u00e9 alem\u00e1n<\/strong> | La etapa de Hitler al mando de Alemania, signific\u00f3 tambi\u00e9n la era m\u00e1s oscura para la Federaci\u00f3n de Futbol de aquel pa\u00eds, pues la administraci\u00f3n fue intervenida por el partido Nazi. Dirigentes y jugadores fueron separados o desaparecidos, m\u00e1s de 300 jugadores murieron, los resultados de los partidos se manejaron y los equipos se alinearon a la l\u00f3gica oficial.<\/p>\n","protected":false},"excerpt":{"rendered":"<p>Uno de los l\u00edderes mundiales m\u00e1s crueles de la historia, tambi\u00e9n ensuci\u00f3 al balompi\u00e9<\/p>\n","protected":false},"author":20,"featured_media":272228,"comment_status":"open","ping_status":"open","sticky":false,"template":"","format":"standard","meta":[],"categories":[5419,5],"tags":[5893],"_links":{"self":[{"href":"http:\/\/desarrollo.grupomedios.com\/futbol\/wp-json\/wp\/v2\/posts\/272213"}],"collection":[{"href":"http:\/\/desarrollo.grupomedios.com\/futbol\/wp-json\/wp\/v2\/posts"}],"about":[{"href":"http:\/\/desarrollo.grupomedios.com\/futbol\/wp-json\/wp\/v2\/types\/post"}],"author":[{"embeddable":true,"href":"http:\/\/desarrollo.grupomedios.com\/futbol\/wp-json\/wp\/v2\/users\/20"}],"replies":[{"embeddable":true,"href":"http:\/\/desarrollo.grupomedios.com\/futbol\/wp-json\/wp\/v2\/comments?post=272213"}],"version-history":[{"count":0,"href":"http:\/\/desarrollo.grupomedios.com\/futbol\/wp-json\/wp\/v2\/posts\/272213\/revisions"}],"wp:featuredmedia":[{"embeddable":true,"href":"http:\/\/desarrollo.grupomedios.com\/futbol\/wp-json\/wp\/v2\/media\/272228"}],"wp:attachment":[{"href":"http:\/\/desarrollo.grupomedios.com\/futbol\/wp-json\/wp\/v2\/media?parent=272213"}],"wp:term":[{"taxonomy":"category","embeddable":true,"href":"http:\/\/desarrollo.grupomedios.com\/futbol\/wp-json\/wp\/v2\/categories?post=272213"},{"taxonomy":"post_tag","embeddable":true,"href":"http:\/\/desarrollo.grupomedios.com\/futbol\/wp-json\/wp\/v2\/tags?post=272213"}],"curies":[{"name":"wp","href":"https:\/\/api.w.org\/{rel}","templated":true}]}}