{"id":274313,"date":"2015-04-29T21:06:07","date_gmt":"2015-04-30T02:06:07","guid":{"rendered":"http:\/\/www.futboltotal.com.mx\/?p=274313"},"modified":"2015-11-13T13:42:21","modified_gmt":"2015-11-13T18:42:21","slug":"america-campeon-de-concachampions","status":"publish","type":"post","link":"http:\/\/desarrollo.grupomedios.com\/futbol\/destacado-home\/america-campeon-de-concachampions\/2015\/04","title":{"rendered":"Am\u00e9rica, \u00a1Campe\u00f3n de Concachampions!"},"content":{"rendered":"<p>Con m\u00e1s coraz\u00f3n que buen futbol, aunque al final s\u00ed lucieron en el campo,\u00a0<strong><a href=\"http:\/\/www.futboltotal.com.mx\/equipos\/america\/\" target=\"_blank\">Am\u00e9rica<\/a><\/strong> se meti\u00f3 al Ol\u00edmpico de <strong>Montreal<\/strong> y venci\u00f3 2-4 al <strong>Impact<\/strong> (3-5 global) con lo que se convirti\u00f3 en el Campe\u00f3n de la<strong> <a href=\"http:\/\/www.futboltotal.com.mx\/torneos\/concachampions\/\" target=\"_blank\">Concachampions 2014-15.<\/a><\/strong><\/p>\n<p>Los m\u00e1s de 61 mil presentes en el estadio estallaron apenas al minuto 8 cuando Andr\u00e9s Romero abri\u00f3 el marcador; parec\u00eda que se le ven\u00eda la noche al <strong>Am\u00e9rica<\/strong>, pero en la segunda parte todo tom\u00f3 forma para guiar el camino al t\u00edtulo.<\/p>\n<p>Al 50&#8242;, <strong><a href=\"http:\/\/www.futboltotal.com.mx\/2015\/04\/golazo-de-benedetto-en-concahampions\/\" target=\"_blank\">Dar\u00edo Benedetto marc\u00f3 el empate con un golazo de tijera<\/a><\/strong> que dej\u00f3 sin opci\u00f3n al portero alem\u00e1n, Kristian Nicht, <strong><a href=\"http:\/\/www.futboltotal.com.mx\/2015\/04\/gran-falla-de-benedetto-en-concachampions\/\" target=\"_blank\">esto lav\u00f3 el error del delantero quien en la primera mitad fall\u00f3<\/a><\/strong> una en la l\u00ednea de gol y sin portero.<\/p>\n<p>Con el partido controlado <strong>Am\u00e9rica<\/strong> se lanz\u00f3 al ataque y al 64&#8242; lleg\u00f3 su premio gracias a un remate de cabeza de Oribe Peralta, tras un servicio de Darwin Quintero. Todav\u00eda al 66&#8242; y 80&#8242;, el mismo Benedetto cerr\u00f3 una gran noche de la que se despidi\u00f3 con un triplete. Ya en el 88&#8242;, John Mclnerney dej\u00f3 \u00a0el marcador final de 2-4.<\/p>\n<p>Ahora las <em><strong>\u00c1guilas<\/strong><\/em> volver\u00e1n al Mundial de Clubes en Jap\u00f3n, torneo donde ya participaron en la edici\u00f3n del 2006, donde se enfrentaron ante Barcelona.<\/p>\n<p>Asimismo, <strong>Am\u00e9rica<\/strong> empat\u00f3 a Cruz Azul como los dos m\u00e1ximos ganadores de este certamen con seis. Los de <em>Coapa<\/em> lo consiguieron en: 1977, 1987, 1990, 1992, 2006 y 2015.<\/p>\n<p><iframe loading=\"lazy\" src=\"https:\/\/www.youtube.com\/embed\/0uWn9lTvBxY\" frameborder=\"0\" allowfullscreen=\"allowfullscreen\"><\/iframe><\/p>\n","protected":false},"excerpt":{"rendered":"<p>Las \u00c1guilas vencieron 3-5 en el global al Montreal <\/p>\n","protected":false},"author":20,"featured_media":274333,"comment_status":"open","ping_status":"open","sticky":false,"template":"","format":"standard","meta":[],"categories":[5398,5],"tags":[5959,3182],"_links":{"self":[{"href":"http:\/\/desarrollo.grupomedios.com\/futbol\/wp-json\/wp\/v2\/posts\/274313"}],"collection":[{"href":"http:\/\/desarrollo.grupomedios.com\/futbol\/wp-json\/wp\/v2\/posts"}],"about":[{"href":"http:\/\/desarrollo.grupomedios.com\/futbol\/wp-json\/wp\/v2\/types\/post"}],"author":[{"embeddable":true,"href":"http:\/\/desarrollo.grupomedios.com\/futbol\/wp-json\/wp\/v2\/users\/20"}],"replies":[{"embeddable":true,"href":"http:\/\/desarrollo.grupomedios.com\/futbol\/wp-json\/wp\/v2\/comments?post=274313"}],"version-history":[{"count":0,"href":"http:\/\/desarrollo.grupomedios.com\/futbol\/wp-json\/wp\/v2\/posts\/274313\/revisions"}],"wp:featuredmedia":[{"embeddable":true,"href":"http:\/\/desarrollo.grupomedios.com\/futbol\/wp-json\/wp\/v2\/media\/274333"}],"wp:attachment":[{"href":"http:\/\/desarrollo.grupomedios.com\/futbol\/wp-json\/wp\/v2\/media?parent=274313"}],"wp:term":[{"taxonomy":"category","embeddable":true,"href":"http:\/\/desarrollo.grupomedios.com\/futbol\/wp-json\/wp\/v2\/categories?post=274313"},{"taxonomy":"post_tag","embeddable":true,"href":"http:\/\/desarrollo.grupomedios.com\/futbol\/wp-json\/wp\/v2\/tags?post=274313"}],"curies":[{"name":"wp","href":"https:\/\/api.w.org\/{rel}","templated":true}]}}