{"id":276318,"date":"2016-03-02T12:10:17","date_gmt":"2016-03-02T18:10:17","guid":{"rendered":"http:\/\/www.futboltotal.com.mx\/?p=276318"},"modified":"2016-03-02T12:50:20","modified_gmt":"2016-03-02T18:50:20","slug":"dennis-bergkamp-y-su-miedo-a-volar","status":"publish","type":"post","link":"http:\/\/desarrollo.grupomedios.com\/futbol\/futbol-internacional\/dennis-bergkamp-y-su-miedo-a-volar\/2016\/03","title":{"rendered":"Dennis Bergkamp, el holand\u00e9s que tuvo miedo de volar"},"content":{"rendered":"<p><strong>Dennis Bergkamp<\/strong> es uno de los holandeses que m\u00e1s han impactado al mundo futbol\u00edstico por su gran capacidad goleadora. Su diestra educada logr\u00f3 que su nombre llegara a la \u00e9lite de los mejores artilleros del mundo. Sin embargo, hoy en su cumplea\u00f1os, recordamos su historia, pero en est\u00e1 ocasi\u00f3n, no es acerca de sus goles o habilidades. El relato ser\u00e1 sobre su miedo volar, algo muy incongruente para un jugador profesional.<\/p>\n<p>El incremento de su miedo a volar ocurri\u00f3 en 1994. Era a\u00f1o de la Copa Mundial en Estados Unidos, y <strong>Dennis Bergkamp<\/strong> estaba en la n\u00f3mina de la <em>Naranja Mec\u00e1nica<\/em>, por lo que tom\u00f3 el mismo avi\u00f3n que toda la plantilla. Poco antes de emprender el vuelo al pa\u00eds anfitri\u00f3n, el avi\u00f3n sufri\u00f3 un retraso en su salida a causa de una falsa alarma de bomba, situaci\u00f3n que puso a toda la expedici\u00f3n con los nervios de punta, en especial a Dennis.<\/p>\n<p>Pero no todo acab\u00f3 en ese susto, ya que cuando el aparato por fin despeg\u00f3 y estaba a punto de llegar a su destino, sufri\u00f3 una extra\u00f1a turbulencia de aire que provoc\u00f3 en el avi\u00f3n una sacudida severa y que cayera en picado por unos cuantos segundos. Por fortuna, el incidente no pas\u00f3 a mayores, pero <strong>Dennis Bergkamp<\/strong> ya hab\u00eda sufrido lo suficiente como para exigir en sus futuros contratos una cl\u00e1usula que lo liberara de emprender viajes por aire.<\/p>\n<p style=\"text-align: center;\"><strong><span style=\"color: #3366ff;\"><a style=\"color: #3366ff;\" href=\"http:\/\/futboltotal.com.mx\/2016\/01\/romario-el-show-del-capulin\/\">LEER M\u00c1S: Romario: el show de Chapul\u00edn.<\/a><\/span><\/strong><\/p>\n<p>En su etapa con el Inter de Mil\u00e1n (1993-95), su miedo a volar no representaba gran problema, pues la mayor\u00eda de sus desplazamientos continentales se realizaban por tren. No obstante, cuando fich\u00f3 por el Arsenal en 1995, su fobia dificult\u00f3 las cosas. Y es que el club londinense ten\u00eda muchos compromisos fuera de la isla, lo que signific\u00f3 un verdadero viacrucis para <strong>Dennis Bergkamp<\/strong> a la hora de cumplir con el itinerario de su nuevo club.<\/p>\n<p>Dennis logr\u00f3 que los <em>Gunners<\/em> aceptaran en el contrato deslindarlo de los viajes por avi\u00f3n que hiciera el equipo, especialmente si requer\u00edan salir de Inglaterra. El club le daba permiso para salir de Londres con uno o varios d\u00edas de antelaci\u00f3n, y el reencuentro con sus compa\u00f1eros se produc\u00eda en la ciudad donde se llevar\u00eda a cabo determinado partido. Pese a esta peculiar situaci\u00f3n, en Highbury nadie se arrepent\u00eda de este fichaje.<\/p>\n<p>En torno a <strong>Dennis Bergkamp<\/strong> se fund\u00f3 el Arsenal del t\u00e9cnico franc\u00e9s Ars\u00e8ne Wenger, un equipo con una filosof\u00eda exquisita, que a\u00fan cosecha \u00e9xitos en la actualidad.<\/p>\n<p>De esta forma, <strong>Dennis Bergkamp<\/strong> se un\u00eda a la lista de jugadores emblem\u00e1ticos que no les causaba ning\u00fan placer subirse a un avi\u00f3n, como el peruano Paolo Guerrero, el espa\u00f1ol y exmadridista Iv\u00e1n Helguera y el hispano \u2013argentino Alfredo di St\u00e9fano.<\/p>\n<p>Checa una <em>&#8220;probadita&#8221;<\/em> del talento de este artillero holand\u00e9s&#8230;<\/p>\n<p><iframe loading=\"lazy\" src=\"\/\/www.youtube.com\/embed\/XsZkCFoqSBs\" frameborder=\"0\" allowfullscreen=\"allowfullscreen\"><\/iframe><\/p>\n","protected":false},"excerpt":{"rendered":"<p>El m\u00edtico delantero exig\u00eda en sus contratos deslindarse de subir a un avi\u00f3n<\/p>\n","protected":false},"author":20,"featured_media":362881,"comment_status":"open","ping_status":"open","sticky":false,"template":"","format":"standard","meta":[],"categories":[3839,3846],"tags":[6044,3089,334],"_links":{"self":[{"href":"http:\/\/desarrollo.grupomedios.com\/futbol\/wp-json\/wp\/v2\/posts\/276318"}],"collection":[{"href":"http:\/\/desarrollo.grupomedios.com\/futbol\/wp-json\/wp\/v2\/posts"}],"about":[{"href":"http:\/\/desarrollo.grupomedios.com\/futbol\/wp-json\/wp\/v2\/types\/post"}],"author":[{"embeddable":true,"href":"http:\/\/desarrollo.grupomedios.com\/futbol\/wp-json\/wp\/v2\/users\/20"}],"replies":[{"embeddable":true,"href":"http:\/\/desarrollo.grupomedios.com\/futbol\/wp-json\/wp\/v2\/comments?post=276318"}],"version-history":[{"count":0,"href":"http:\/\/desarrollo.grupomedios.com\/futbol\/wp-json\/wp\/v2\/posts\/276318\/revisions"}],"wp:featuredmedia":[{"embeddable":true,"href":"http:\/\/desarrollo.grupomedios.com\/futbol\/wp-json\/wp\/v2\/media\/362881"}],"wp:attachment":[{"href":"http:\/\/desarrollo.grupomedios.com\/futbol\/wp-json\/wp\/v2\/media?parent=276318"}],"wp:term":[{"taxonomy":"category","embeddable":true,"href":"http:\/\/desarrollo.grupomedios.com\/futbol\/wp-json\/wp\/v2\/categories?post=276318"},{"taxonomy":"post_tag","embeddable":true,"href":"http:\/\/desarrollo.grupomedios.com\/futbol\/wp-json\/wp\/v2\/tags?post=276318"}],"curies":[{"name":"wp","href":"https:\/\/api.w.org\/{rel}","templated":true}]}}