{"id":280127,"date":"2015-06-10T08:00:10","date_gmt":"2015-06-10T13:00:10","guid":{"rendered":"http:\/\/www.futboltotal.com.mx\/?p=280127"},"modified":"2015-06-11T01:30:39","modified_gmt":"2015-06-11T06:30:39","slug":"10-bombas-rumbo-al-draft","status":"publish","type":"post","link":"http:\/\/desarrollo.grupomedios.com\/futbol\/futbol-mexicano\/10-bombas-rumbo-al-draft\/2015\/06","title":{"rendered":"10 peces gordos del Draft de la Liga MX"},"content":{"rendered":"<p>El <a href=\"http:\/\/www.futboltotal.com.mx\/2015\/05\/futbol-de-estufa-apertura-2015\/\" target=\"_blank\"><strong>Draft de la Liga MX<\/strong><\/a> se celebrar\u00e1 este mi\u00e9rcoles. Y desde hace algunas semanas\u00a0los equipos revisan el mercado de piernas para ver qu\u00e9 jugador podr\u00e1 llegar a sus filas. Nombres hay muchos; sin embargo, existen\u00a0<strong>10 bombas<\/strong>\u00a0que\u00a0pondr\u00e1n al rojo vivo el pr\u00f3ximo <strong>R\u00e9gimen de Transferencias<\/strong>.<\/p>\n<p><strong>Camilo Sanvezzo<\/strong> (Quer\u00e9taro) | A pesar de sufrir una lesi\u00f3n que lo alej\u00f3 seis meses de las canchas, el campe\u00f3n de goleo del Apertura 2014 est\u00e1 en la \u00faltima etapa de su recuperaci\u00f3n y parece listo para regresar a la canchas;\u00a0el brasile\u00f1o\u00a0suena para llegar a\u00a0Pumas. Sanvezzo, quien era colocado por los rumores previamente en Tigres, Monterrey y en el futbol sudamericano, seguramente tendr\u00e1 ofertas por sus servicios pese a la posibilidad de que Ronaldinho u otro extranjero en el plantel pueda salir rumbo al Apertura 2015. (Valor en <em>Transfermarkt<\/em>:<strong>\u00a01.6 millones de d\u00f3lares<\/strong>).<\/p>\n<p><strong>Ronaldinho<\/strong> (Quer\u00e9taro) | Los rumores alrededor a <em>Dinho<\/em> est\u00e1n a la orden del d\u00eda, y al brasile\u00f1o se le maneja casi con certeza una salida de Quer\u00e9taro, ya que se dice que el astro est\u00e1 enfadado con el estilo de vida en la ciudad, y que prefiere migrar a una ciudad con mayor propuesta de entretenimiento nocturno. La \u00fanica posibilidad dentro de M\u00e9xico est\u00e1 ligada a las p\u00e1ginas rosas, ya que <a href=\"http:\/\/futboltotal.com.mx\/2015\/06\/paola-salcedo-la-nueva-musa-de-ronaldinho\/\" target=\"_blank\">el jugador parece mantener una relaci\u00f3n sentimental con la hermana de Carlos Salcedo<\/a>, jugador de Chivas. El posible pase de Ronaldinho al Galaxy de Los \u00c1ngeles de momento es imposible, ya que el club tiene sus tres plazas de Jugador Designado ocupadas. (Valor en <em>Transfermarkt<\/em>:<strong>\u00a01.7<\/strong> millones de d\u00f3lares).<\/p>\n<p><a href=\"http:\/\/futboltotal.com.mx\/wp-content\/uploads\/2015\/06\/Ronaldinho-podr\u00eda-ir-al-Galaxy-de-Los-\u00c1ngeles.jpg\"><img decoding=\"async\" loading=\"lazy\" class=\"aligncenter size-full wp-image-283822\" src=\"http:\/\/futboltotal.com.mx\/wp-content\/uploads\/2015\/06\/Ronaldinho-podr\u00eda-ir-al-Galaxy-de-Los-\u00c1ngeles.jpg\" alt=\"Ronaldinho podr\u00eda ir al Galaxy de Los \u00c1ngeles\" srcset=\"http:\/\/desarrollo.grupomedios.com\/futbol\/wp-content\/uploads\/2015\/06\/Ronaldinho-podr\u00eda-ir-al-Galaxy-de-Los-\u00c1ngeles.jpg 820w, http:\/\/desarrollo.grupomedios.com\/futbol\/wp-content\/uploads\/2015\/06\/Ronaldinho-podr\u00eda-ir-al-Galaxy-de-Los-\u00c1ngeles-300x201.jpg 300w\" sizes=\"(max-width: 820px) 100vw, 820px\" \/><\/a><\/p>\n<p><strong>Aldo de Nigris<\/strong> (Guadalajara) | Monterrey pretende repatriar al atacante regio en lo que ser\u00eda un negocio redondo para el equipo norte\u00f1o. De Nigris fue vendido caro a Guadalajara, tuvo poco \u00e9xito con los rojiblancos, y ahora est\u00e1 a punto de volver en un precio marcadamente menor apenas unas temporadas despu\u00e9s. Antonio Mohamed busca rearmar un ataque que durante su primer torneo, no tuvo la explosi\u00f3n que el argentino quiso. (Valor en <em>Transfermarkt<\/em>: <strong>2 millones de d\u00f3lares<\/strong>).<\/p>\n<p><strong>Jurgen Damm<\/strong> (Pachuca) | Cruz Azul se presenta al\u00a0Draft\u00a0de la\u00a0Liga MX\u00a0con el firme objetivo de hacerse de los servicios de una de las joyas de los Tuzos.\u00a0No obstante, se apunta que el alto costo de la carta del jugador de 22 a\u00f1os, tasado por la directiva hidalguense en\u00a0<strong>10 millones de d\u00f3lares<\/strong>, ha sido uno de los obst\u00e1culos en la negociaci\u00f3n.\u00a0Otro tema que interfiere en la posible llegada del <em>alem\u00e1n<\/em>\u00a0al cuadro <em>celeste<\/em>, es que el volante mexicano es pretendido por las Chivas e incluso por la\u00a0Roma\u00a0de Italia.<\/p>\n<p><strong>Mat\u00edas Alustiza<\/strong> (Puebla) | Gracias a \u00e9l, la <em>Franja<\/em> logr\u00f3 rescatar puntos fundamentales que al final le sirvieron para librar el descenso.\u00a0Se especula que Cruz Azul y Am\u00e9rica intentar\u00edan fichar al <em>Chavo<\/em>. Los poblanos han dicho en d\u00edas recientes que s\u00ed aceptar\u00e1n ofertas por el argentino, por lo que seguramente se desatar\u00e1 una guerra de billetes verdes por Alustiza. (Valor en <em>Transfermarkt<\/em>: <strong>2 millones de d\u00f3lares<\/strong>).<\/p>\n<p><strong>Julio C\u00e9sar Furch<\/strong> (Veracruz) | Pese a que la directiva jarocha no tiene contemplado venderlo, se rumora con fuerzas que el equipo a donde llegue Gustavo Matosas podr\u00eda convencerlos con una jugosa oferta, pues el t\u00e9cnico uruguayo quiere tenerlo bajo sus \u00f3rdenes en el Atlas, equipo que adem\u00e1s buscar\u00e1 reforzarse a mayoreo para complacer los deseos del entrenador reci\u00e9n campe\u00f3n de la Concachampions. (Valor en\u00a0<em>Transfermarkt<\/em>:\u00a0<strong>1.4 millones de d\u00f3lares<\/strong>).<\/p>\n<p><a href=\"http:\/\/futboltotal.com.mx\/wp-content\/uploads\/2015\/03\/Julio_Cesar_Furch_veracruz_lider_de_goleo.jpg\"><img decoding=\"async\" loading=\"lazy\" class=\"aligncenter size-full wp-image-263146\" src=\"http:\/\/futboltotal.com.mx\/wp-content\/uploads\/2015\/03\/Julio_Cesar_Furch_veracruz_lider_de_goleo.jpg\" alt=\"Julio_Cesar_Furch_veracruz_lider_de_goleo\" srcset=\"http:\/\/desarrollo.grupomedios.com\/futbol\/wp-content\/uploads\/2015\/03\/Julio_Cesar_Furch_veracruz_lider_de_goleo.jpg 650w, http:\/\/desarrollo.grupomedios.com\/futbol\/wp-content\/uploads\/2015\/03\/Julio_Cesar_Furch_veracruz_lider_de_goleo-132x88.jpg 132w, http:\/\/desarrollo.grupomedios.com\/futbol\/wp-content\/uploads\/2015\/03\/Julio_Cesar_Furch_veracruz_lider_de_goleo-95x63.jpg 95w, http:\/\/desarrollo.grupomedios.com\/futbol\/wp-content\/uploads\/2015\/03\/Julio_Cesar_Furch_veracruz_lider_de_goleo-182x122.jpg 182w, http:\/\/desarrollo.grupomedios.com\/futbol\/wp-content\/uploads\/2015\/03\/Julio_Cesar_Furch_veracruz_lider_de_goleo-205x136.jpg 205w, http:\/\/desarrollo.grupomedios.com\/futbol\/wp-content\/uploads\/2015\/03\/Julio_Cesar_Furch_veracruz_lider_de_goleo-420x280.jpg 420w\" sizes=\"(max-width: 650px) 100vw, 650px\" \/><\/a><\/p>\n<p><strong>Gabriel Hauche<\/strong> (Tijuana) | El argentino maravill\u00f3 a la Liga MX con su noci\u00f3n ofensiva, por eso varios equipos mexicanos\u00a0buscan\u00a0los servicios\u00a0del atacante argentino. Cabe apuntar que Cruz Azul\u00a0buscar\u00eda ceder los derechos de Mauro Formica por los de\u00a0Hauche. La salida del atacante ser\u00eda una continuaci\u00f3n en la tradici\u00f3n tijuanense de comprar figuras del extranjero a precios baratos para luego mandarlos a clubes importantes del futbol mexicano con una gran ganancia de por medio. (Valor en <em>Transfermarkt<\/em>: <strong>1.7 millones de d\u00f3lares<\/strong>).<\/p>\n<p><strong>Carlos Pe\u00f1a<\/strong> (Le\u00f3n) | Pese a que la <em>Fiera<\/em> no lo puso en la lista de transferibles, una oferta millonaria del Am\u00e9rica podr\u00eda persuadir al club para dar el s\u00ed; por si fuera poco, el <em>Gullit<\/em> tambi\u00e9n es seguido por el Borussia Dortmund de Alemania, aunque ese inter\u00e9s parece haberse enfriado tras el fichaje del hispano-alem\u00e1n Gonzalo Castro, ex del Bayer Leverkusen. Si sale Pe\u00f1a al mercado nacional, tendr\u00e1 que ser una oferta impresionante para romper con la tradici\u00f3n de Jes\u00fas Mart\u00ednez, hijo. (Valor en\u00a0<em>Transfermarkt<\/em>:\u00a0<strong>3.4 millones de d\u00f3lares<\/strong>).<\/p>\n<p><strong>Cristian Pellerano<\/strong> (Am\u00e9rica) | Ricardo Pel\u00e1ez afirm\u00f3 que nadie abandonar\u00e1 el <em>Nido<\/em>, empero, el poco aporte que dio el mediocampista,\u00a0que incluso lo mand\u00f3 a la banca, ser\u00eda causa suficiente para ser candidato a abandonar la escuadra <em>azulcrema<\/em>, que contempla la llegada de\u00a0solo\u00a0dos refuerzos. Adem\u00e1s, destaca que\u00a0el t\u00e9cnico del Monterrey, Antonio Mohamed, lo quiere con la playera <em>blanquiazul. (Valor en\u00a0<em>Transfermarkt<\/em>:\u00a0<\/em><strong>1.6 millones de d\u00f3lares<\/strong>).<em><br \/>\n<\/em><\/p>\n<p><strong>Pablo Aguilar<\/strong> (Am\u00e9rica) | El <em>Turco<\/em>\u00a0Mohamed anhela al defensa paraguayo goleador, por tanto, los <em>Rayados<\/em> tendr\u00e1n que hacer una oferta irresistible para convencer a las <em>\u00c1guilas<\/em>, quienes pretenden mantener a Aguilar en la base defensiva de centrales que actualmente comparte con Paolo Goltz, Paul Aguilar, Miguel Samudio y Ventura Alvarado. (Valor en\u00a0<em>Transfermarkt<\/em>:\u00a0<strong>2.25 millones de d\u00f3lares<\/strong>).<\/p>\n<p><a href=\"http:\/\/futboltotal.com.mx\/wp-content\/uploads\/2014\/07\/pablo-aguilar-gol-america-2-1-xolos-jornada-2-apertura-2014.jpg\"><img decoding=\"async\" loading=\"lazy\" class=\"aligncenter size-full wp-image-214002\" src=\"http:\/\/futboltotal.com.mx\/wp-content\/uploads\/2014\/07\/pablo-aguilar-gol-america-2-1-xolos-jornada-2-apertura-2014.jpg\" alt=\"pablo aguilar gol america 2-1 xolos jornada 2 apertura 2014\" srcset=\"http:\/\/desarrollo.grupomedios.com\/futbol\/wp-content\/uploads\/2014\/07\/pablo-aguilar-gol-america-2-1-xolos-jornada-2-apertura-2014.jpg 650w, http:\/\/desarrollo.grupomedios.com\/futbol\/wp-content\/uploads\/2014\/07\/pablo-aguilar-gol-america-2-1-xolos-jornada-2-apertura-2014-132x88.jpg 132w, http:\/\/desarrollo.grupomedios.com\/futbol\/wp-content\/uploads\/2014\/07\/pablo-aguilar-gol-america-2-1-xolos-jornada-2-apertura-2014-95x63.jpg 95w, http:\/\/desarrollo.grupomedios.com\/futbol\/wp-content\/uploads\/2014\/07\/pablo-aguilar-gol-america-2-1-xolos-jornada-2-apertura-2014-182x122.jpg 182w, http:\/\/desarrollo.grupomedios.com\/futbol\/wp-content\/uploads\/2014\/07\/pablo-aguilar-gol-america-2-1-xolos-jornada-2-apertura-2014-205x136.jpg 205w, http:\/\/desarrollo.grupomedios.com\/futbol\/wp-content\/uploads\/2014\/07\/pablo-aguilar-gol-america-2-1-xolos-jornada-2-apertura-2014-420x280.jpg 420w\" sizes=\"(max-width: 650px) 100vw, 650px\" \/><\/a><\/p>\n<p><strong><a href=\"http:\/\/www.futboltotal.com.mx\/2015\/05\/futbol-de-estufa-apertura-2015\/\">FUTBOL DE ESTUFA | Liga MX | Rumbo al Apertura 2015 | ALTAS \u2013 BAJAS \u2013 RUMORES<\/a><\/strong><\/p>\n","protected":false},"excerpt":{"rendered":"<p>Una decena jugadores son los m\u00e1s codiciados rumbo al Apertura 2015<\/p>\n","protected":false},"author":20,"featured_media":284214,"comment_status":"open","ping_status":"open","sticky":false,"template":"","format":"standard","meta":[],"categories":[2198,3845],"tags":[3749,4847],"_links":{"self":[{"href":"http:\/\/desarrollo.grupomedios.com\/futbol\/wp-json\/wp\/v2\/posts\/280127"}],"collection":[{"href":"http:\/\/desarrollo.grupomedios.com\/futbol\/wp-json\/wp\/v2\/posts"}],"about":[{"href":"http:\/\/desarrollo.grupomedios.com\/futbol\/wp-json\/wp\/v2\/types\/post"}],"author":[{"embeddable":true,"href":"http:\/\/desarrollo.grupomedios.com\/futbol\/wp-json\/wp\/v2\/users\/20"}],"replies":[{"embeddable":true,"href":"http:\/\/desarrollo.grupomedios.com\/futbol\/wp-json\/wp\/v2\/comments?post=280127"}],"version-history":[{"count":0,"href":"http:\/\/desarrollo.grupomedios.com\/futbol\/wp-json\/wp\/v2\/posts\/280127\/revisions"}],"wp:featuredmedia":[{"embeddable":true,"href":"http:\/\/desarrollo.grupomedios.com\/futbol\/wp-json\/wp\/v2\/media\/284214"}],"wp:attachment":[{"href":"http:\/\/desarrollo.grupomedios.com\/futbol\/wp-json\/wp\/v2\/media?parent=280127"}],"wp:term":[{"taxonomy":"category","embeddable":true,"href":"http:\/\/desarrollo.grupomedios.com\/futbol\/wp-json\/wp\/v2\/categories?post=280127"},{"taxonomy":"post_tag","embeddable":true,"href":"http:\/\/desarrollo.grupomedios.com\/futbol\/wp-json\/wp\/v2\/tags?post=280127"}],"curies":[{"name":"wp","href":"https:\/\/api.w.org\/{rel}","templated":true}]}}