{"id":282079,"date":"2015-06-02T18:11:29","date_gmt":"2015-06-02T23:11:29","guid":{"rendered":"http:\/\/futboltotal.com.mx\/?p=282079"},"modified":"2015-06-02T18:15:10","modified_gmt":"2015-06-02T23:15:10","slug":"joseph-blatter-renuncia-como-presidente-de-la-fifa","status":"publish","type":"post","link":"http:\/\/desarrollo.grupomedios.com\/futbol\/destacado-home\/joseph-blatter-renuncia-como-presidente-de-la-fifa\/2015\/06","title":{"rendered":"Joseph Blatter renuncia como presidente de la FIFA"},"content":{"rendered":"<p>El presidente de la <b>FIFA<\/b>, <b>Joseph\u00a0 Blatter<\/b>, <a href=\"http:\/\/futboltotal.com.mx\/2015\/05\/blatter-gana-elecciones-de-la-fifa\/\">reelegido el pasado viernes<\/a>, present\u00f3 esta tarde la renuncia al cargo tras los esc\u00e1ndalos por corrupci\u00f3n que sacuden al organismo y convoc\u00f3 a una elecci\u00f3n extraordinaria para elegir al que ser\u00e1 el nuevo titular.<\/p>\n<p>&#8220;Mi mandato no cuenta con el apoyo de todos&#8221;, declar\u00f3 el dirigente suizo.\u00a0&#8220;Por eso convoco un congreso extraordinario\u201d, agreg\u00f3.<\/p>\n<p>&#8220;A pesar de haber sido apoyado en elecciones, ese apoyo no lo comparten todos. Por eso pongo mi renuncia a disposici\u00f3n. Tomo esta decisi\u00f3n de renunciar para limpiar la imagen de la <strong>FIFA<\/strong>,\u00a0necesita una profunda reestructuraci\u00f3n&#8221;, asegur\u00f3 <b>Joseph Blatter<\/b>,de 79 a\u00f1os y en el cargo desde 1998.<\/p>\n<p>El dirigente suizo hab\u00eda sido <a href=\"http:\/\/futboltotal.com.mx\/2015\/05\/blatter-gana-elecciones-de-la-fifa\/\">reelegido para un quinto mandato el pasado viernes<\/a>, en un congreso marcado por la detenci\u00f3n de varios dirigentes de la <b>FIFA<\/b> acusados de corrupci\u00f3n.<\/p>\n<p>Cabe apuntar que <b>Joseph Blatter<\/b>\u00a0seguir\u00e1 al frente hasta el Congreso Extradordinario,\u00a0que se realizar\u00e1 el pr\u00f3ximo\u00a0diciembre o\u00a0hasta marzo de 2016.<\/p>\n","protected":false},"excerpt":{"rendered":"<p>El esc\u00e1ndalo de corrupci\u00f3n lo obliga a marcharse; convoca a elecci\u00f3n extraordinaria<\/p>\n","protected":false},"author":20,"featured_media":282080,"comment_status":"open","ping_status":"open","sticky":false,"template":"","format":"standard","meta":[],"categories":[5,3839],"tags":[1097,361,752,5423],"_links":{"self":[{"href":"http:\/\/desarrollo.grupomedios.com\/futbol\/wp-json\/wp\/v2\/posts\/282079"}],"collection":[{"href":"http:\/\/desarrollo.grupomedios.com\/futbol\/wp-json\/wp\/v2\/posts"}],"about":[{"href":"http:\/\/desarrollo.grupomedios.com\/futbol\/wp-json\/wp\/v2\/types\/post"}],"author":[{"embeddable":true,"href":"http:\/\/desarrollo.grupomedios.com\/futbol\/wp-json\/wp\/v2\/users\/20"}],"replies":[{"embeddable":true,"href":"http:\/\/desarrollo.grupomedios.com\/futbol\/wp-json\/wp\/v2\/comments?post=282079"}],"version-history":[{"count":0,"href":"http:\/\/desarrollo.grupomedios.com\/futbol\/wp-json\/wp\/v2\/posts\/282079\/revisions"}],"wp:featuredmedia":[{"embeddable":true,"href":"http:\/\/desarrollo.grupomedios.com\/futbol\/wp-json\/wp\/v2\/media\/282080"}],"wp:attachment":[{"href":"http:\/\/desarrollo.grupomedios.com\/futbol\/wp-json\/wp\/v2\/media?parent=282079"}],"wp:term":[{"taxonomy":"category","embeddable":true,"href":"http:\/\/desarrollo.grupomedios.com\/futbol\/wp-json\/wp\/v2\/categories?post=282079"},{"taxonomy":"post_tag","embeddable":true,"href":"http:\/\/desarrollo.grupomedios.com\/futbol\/wp-json\/wp\/v2\/tags?post=282079"}],"curies":[{"name":"wp","href":"https:\/\/api.w.org\/{rel}","templated":true}]}}