{"id":282130,"date":"2015-06-02T13:57:11","date_gmt":"2015-06-02T18:57:11","guid":{"rendered":"http:\/\/futboltotal.com.mx\/?p=282130"},"modified":"2015-06-02T14:51:15","modified_gmt":"2015-06-02T19:51:15","slug":"principe-de-jordania-proximo-presidente-de-fifa","status":"publish","type":"post","link":"http:\/\/desarrollo.grupomedios.com\/futbol\/futbol-internacional\/principe-de-jordania-proximo-presidente-de-fifa\/2015\/06","title":{"rendered":"Pr\u00edncipe de Jordania, \u00bfpr\u00f3ximo presidente de FIFA?"},"content":{"rendered":"<p>El <b>pr\u00edncipe de Jordania<\/b>, <b>Ali Bin al-Hussein<\/b>, derrotado en las elecciones a la presidencia de la <b>FIFA<\/b> el pasado viernes, volver\u00e1 a postularse al cargo, una vez <a href=\"http:\/\/futboltotal.com.mx\/2015\/06\/joseph-blatter-renuncia-como-presidente-de-la-fifa\/?s=FIFA\">confirmada la renuncia del m\u00e1ximo rector del organismo, el suizo <b>Joseph Blatter<\/b><\/a>, anunciada este martes.<\/p>\n<p>&#8220;En el caso de nuevas elecciones, el pr\u00edncipe Ali est\u00e1 listo&#8221;, declar\u00f3 Salah Sabra, vicepresidente de la Federaci\u00f3n Jordana de Futbol que preside el candidato derrotado por <b>Joseph Blatter<\/b> el pasado viernes, a\u00f1adiendo que el pr\u00edncipe jordano est\u00e1 dispuesto a hacerse cargo de la presidencia de la <b>FIFA<\/b> \u201cde manera inmediata si as\u00ed se lo piden\u201d.<\/p>\n<p>Otros candidatos que aparecen para\u00a0ocupar la presidencia de la <b>FIFA<\/b>\u00a0son:\u00a0el portugu\u00e9s <b>Luis Figo<\/b>\u00a0y\u00a0el presidente de la Federaci\u00f3n Holandesa, <strong>Michael van Praagquien<\/strong>,\u00a0quien se dice\u00a0se reunir\u00e1 con la\u00a0UEFA antes de decidir una posible nueva candidatura; ambos personajes participaron en el pasado proceso electoral. Adem\u00e1s, tambi\u00e9n se habla del franc\u00e9s <strong>Michel Platini<\/strong>, presidente de la UEFA.<\/p>\n<p>En las elecciones del pasado viernes, <b>Joseph Blatter<\/b> se impuso en la votaci\u00f3n al pr\u00edncipe jordano <b>Ali Bin al-Hussein<\/b>, su \u00fanico rival despu\u00e9s de que se retiraran Luis Figo y Michael van Praag.<\/p>\n<p>Ser\u00e1 en el\u00a0Congreso extraordinario\u00a0(seg\u00fan inform\u00f3 Domenico Scala, directivo de la <b>FIFA<\/b>, podr\u00eda realizarse entre diciembre del presente a\u00f1o y marzo del 2016) cuando se\u00a0desarrolle el proceso para elegir al pr\u00f3ximo presidente del m\u00e1ximo organismo mundial del futbol, mientras tanto\u00a0<b>Joseph Blatter<\/b> seguir\u00e1 al frente.<\/p>\n","protected":false},"excerpt":{"rendered":"<p>Estar\u00eda dispuesto a asumir el cargo \u201cde manera inmediata\u201d<\/p>\n","protected":false},"author":20,"featured_media":282134,"comment_status":"open","ping_status":"open","sticky":false,"template":"","format":"standard","meta":[],"categories":[3839],"tags":[361,752,5070,5423],"_links":{"self":[{"href":"http:\/\/desarrollo.grupomedios.com\/futbol\/wp-json\/wp\/v2\/posts\/282130"}],"collection":[{"href":"http:\/\/desarrollo.grupomedios.com\/futbol\/wp-json\/wp\/v2\/posts"}],"about":[{"href":"http:\/\/desarrollo.grupomedios.com\/futbol\/wp-json\/wp\/v2\/types\/post"}],"author":[{"embeddable":true,"href":"http:\/\/desarrollo.grupomedios.com\/futbol\/wp-json\/wp\/v2\/users\/20"}],"replies":[{"embeddable":true,"href":"http:\/\/desarrollo.grupomedios.com\/futbol\/wp-json\/wp\/v2\/comments?post=282130"}],"version-history":[{"count":0,"href":"http:\/\/desarrollo.grupomedios.com\/futbol\/wp-json\/wp\/v2\/posts\/282130\/revisions"}],"wp:featuredmedia":[{"embeddable":true,"href":"http:\/\/desarrollo.grupomedios.com\/futbol\/wp-json\/wp\/v2\/media\/282134"}],"wp:attachment":[{"href":"http:\/\/desarrollo.grupomedios.com\/futbol\/wp-json\/wp\/v2\/media?parent=282130"}],"wp:term":[{"taxonomy":"category","embeddable":true,"href":"http:\/\/desarrollo.grupomedios.com\/futbol\/wp-json\/wp\/v2\/categories?post=282130"},{"taxonomy":"post_tag","embeddable":true,"href":"http:\/\/desarrollo.grupomedios.com\/futbol\/wp-json\/wp\/v2\/tags?post=282130"}],"curies":[{"name":"wp","href":"https:\/\/api.w.org\/{rel}","templated":true}]}}