{"id":282148,"date":"2015-06-02T14:23:53","date_gmt":"2015-06-02T19:23:53","guid":{"rendered":"http:\/\/futboltotal.com.mx\/?p=282148"},"modified":"2015-06-02T14:49:12","modified_gmt":"2015-06-02T19:49:12","slug":"joseph-blatter-es-investigado-por-el-fbi","status":"publish","type":"post","link":"http:\/\/desarrollo.grupomedios.com\/futbol\/futbol-internacional\/joseph-blatter-es-investigado-por-el-fbi\/2015\/06","title":{"rendered":"\u00bfLos motivos de la renuncia Joseph Blatter?"},"content":{"rendered":"<p>Tras la <a href=\"http:\/\/futboltotal.com.mx\/2015\/06\/joseph-blatter-renuncia-como-presidente-de-la-fifa\/\">renuncia de <b>Joseph Blatter<\/b> a la presidencia de la <b>FIFA<\/b><\/a>, medios estadounidenses aseguran que el dirigente suizo es investigado por <b>FBI<\/b> y autoridades de Estados Unidos, acusado de <strong>soborno y corrupci\u00f3n<\/strong> en los procesos de elecci\u00f3n de los Mundiales de Rusia 2018 y Catar 2022.<\/p>\n<p>En ese contexto, se agrega que el estadounidense Chuck Blazer, exdirectivo de la <strong>FIFA<\/strong> que milit\u00f3 en el m\u00e1ximo organismo del futbol mundial por m\u00e1s de 15 a\u00f1os, habr\u00eda aportado documentos y grabaciones que comprobar\u00edan la participaci\u00f3n de <b>Joseph Blatter<\/b> en diversos casos de corrupci\u00f3n.\u00a0Adem\u00e1s, se agrega que la crisis que envuelve\u00a0al dirigente suizo\u00a0se profundiz\u00f3 el martes cuando su mano derecha, el franc\u00e9s\u00a0<strong>Jerome Valcke<\/strong>,\u00a0fue\u00a0relacionado con un pago de 10 millones de d\u00f3lares a Jack Warner, que el <strong>FBI<\/strong> presume\u00a0como\u00a0un soborno\u00a0para\u00a0que se desarrollar\u00e1 el Mundial 2010 en Sud\u00e1frica.<\/p>\n<p>Tal situaci\u00f3n, apuntan diversos medios, ser\u00edan los\u00a0principales motivos por lo que <strong>Joseph Blatter<\/strong>\u00a0renunci\u00f3 a su cargo este martes.<\/p>\n<p>Se espera que poco a poco se den a conocer m\u00e1s detalles de la investigaci\u00f3n que est\u00e1 realizando el <b>FBI<\/b> sobre <b>Joseph Blatter<\/b>, quien seguir\u00e1 al frente de la <b>FIFA<\/b> hasta el Congreso extradordinario,\u00a0que se realizar\u00e1 entre\u00a0diciembre del presente a\u00f1o o\u00a0marzo de 2016.<\/p>\n","protected":false},"excerpt":{"rendered":"<p>Su mano derecha, el franc\u00e9s Jerome Valcke, relacionado en aparente soborno<\/p>\n","protected":false},"author":20,"featured_media":282170,"comment_status":"open","ping_status":"open","sticky":false,"template":"","format":"standard","meta":[],"categories":[3839],"tags":[1097,5428,361,752],"_links":{"self":[{"href":"http:\/\/desarrollo.grupomedios.com\/futbol\/wp-json\/wp\/v2\/posts\/282148"}],"collection":[{"href":"http:\/\/desarrollo.grupomedios.com\/futbol\/wp-json\/wp\/v2\/posts"}],"about":[{"href":"http:\/\/desarrollo.grupomedios.com\/futbol\/wp-json\/wp\/v2\/types\/post"}],"author":[{"embeddable":true,"href":"http:\/\/desarrollo.grupomedios.com\/futbol\/wp-json\/wp\/v2\/users\/20"}],"replies":[{"embeddable":true,"href":"http:\/\/desarrollo.grupomedios.com\/futbol\/wp-json\/wp\/v2\/comments?post=282148"}],"version-history":[{"count":0,"href":"http:\/\/desarrollo.grupomedios.com\/futbol\/wp-json\/wp\/v2\/posts\/282148\/revisions"}],"wp:featuredmedia":[{"embeddable":true,"href":"http:\/\/desarrollo.grupomedios.com\/futbol\/wp-json\/wp\/v2\/media\/282170"}],"wp:attachment":[{"href":"http:\/\/desarrollo.grupomedios.com\/futbol\/wp-json\/wp\/v2\/media?parent=282148"}],"wp:term":[{"taxonomy":"category","embeddable":true,"href":"http:\/\/desarrollo.grupomedios.com\/futbol\/wp-json\/wp\/v2\/categories?post=282148"},{"taxonomy":"post_tag","embeddable":true,"href":"http:\/\/desarrollo.grupomedios.com\/futbol\/wp-json\/wp\/v2\/tags?post=282148"}],"curies":[{"name":"wp","href":"https:\/\/api.w.org\/{rel}","templated":true}]}}