{"id":282173,"date":"2015-06-02T15:18:04","date_gmt":"2015-06-02T20:18:04","guid":{"rendered":"http:\/\/futboltotal.com.mx\/?p=282173"},"modified":"2015-06-02T15:26:01","modified_gmt":"2015-06-02T20:26:01","slug":"lucas-barrios-podria-volver-al-atlas","status":"publish","type":"post","link":"http:\/\/desarrollo.grupomedios.com\/futbol\/futbol-mexicano\/lucas-barrios-podria-volver-al-atlas\/2015\/06","title":{"rendered":"Lucas Barrios podr\u00eda volver al Atlas"},"content":{"rendered":"<p>Tras la llegada de Gustavo Matosas al banquillo del <a href=\"http:\/\/futboltotal.com.mx\/equipos\/atlas\/\" target=\"_blank\"><strong>Atlas<\/strong><\/a> ya comenzaron a surgir nombres de pr\u00f3ximos fichajes, en los que se incluir\u00eda el atacante paraguayo <strong>Lucas Barrios.<\/strong><\/p>\n<p>Se dice que la prioridad de Matosas es reforzar el ataque del equipo, por lo que tambi\u00e9n <a href=\"http:\/\/futboltotal.com.mx\/2015\/06\/emanuel-villa-cerca-del-atlas\/\" target=\"_blank\">estar\u00eda muy cerca del club Emanuel Villa<\/a>, quien ya milit\u00f3 en el equipo tapat\u00edo.<\/p>\n<p>Seg\u00fan indica <em>ESPN<\/em>, los <em>Zorros<\/em> van a la carga de <strong>Barrios<\/strong>, quien en este momento es jugador del Montpellier de Francia. Ya jug\u00f3 en <strong>Atlas<\/strong> durante el Apertura 2007, donde en seis meses solo jug\u00f3 460 minutos y marc\u00f3 un gol.<\/p>\n<p><strong>Barrios<\/strong> ser\u00e1 uno de los 23 seleccionados que jugar\u00e1n por Paraguay la Copa Am\u00e9rica Chile 2015.<\/p>\n<p>El otro refuerzo que se dar\u00eda para los <em>Rojinegros<\/em> ser\u00eda la llegada del defensa paname\u00f1o Felipe Baloy, quien llegar\u00eda procedente de Morelia; el cambio ser\u00eda por el atacante Carlos Ochoa.<\/p>\n<p style=\"text-align: left;\"><a href=\"http:\/\/futboltotal.com.mx\/2015\/06\/futbol-de-estufa-apertura-2015\/\" target=\"_blank\"><strong>FUTBOL DE ESTUFA | Apertura 2015 | Liga MX | Fichajes y rumores\u00a0<\/strong><\/a><\/p>\n","protected":false},"excerpt":{"rendered":"<p>El seleccionado paraguayo regresar\u00eda a la Liga MX<\/p>\n","protected":false},"author":20,"featured_media":282177,"comment_status":"open","ping_status":"open","sticky":false,"template":"","format":"standard","meta":[],"categories":[2198,3845],"tags":[5961,4116,5429,475,3154],"_links":{"self":[{"href":"http:\/\/desarrollo.grupomedios.com\/futbol\/wp-json\/wp\/v2\/posts\/282173"}],"collection":[{"href":"http:\/\/desarrollo.grupomedios.com\/futbol\/wp-json\/wp\/v2\/posts"}],"about":[{"href":"http:\/\/desarrollo.grupomedios.com\/futbol\/wp-json\/wp\/v2\/types\/post"}],"author":[{"embeddable":true,"href":"http:\/\/desarrollo.grupomedios.com\/futbol\/wp-json\/wp\/v2\/users\/20"}],"replies":[{"embeddable":true,"href":"http:\/\/desarrollo.grupomedios.com\/futbol\/wp-json\/wp\/v2\/comments?post=282173"}],"version-history":[{"count":0,"href":"http:\/\/desarrollo.grupomedios.com\/futbol\/wp-json\/wp\/v2\/posts\/282173\/revisions"}],"wp:featuredmedia":[{"embeddable":true,"href":"http:\/\/desarrollo.grupomedios.com\/futbol\/wp-json\/wp\/v2\/media\/282177"}],"wp:attachment":[{"href":"http:\/\/desarrollo.grupomedios.com\/futbol\/wp-json\/wp\/v2\/media?parent=282173"}],"wp:term":[{"taxonomy":"category","embeddable":true,"href":"http:\/\/desarrollo.grupomedios.com\/futbol\/wp-json\/wp\/v2\/categories?post=282173"},{"taxonomy":"post_tag","embeddable":true,"href":"http:\/\/desarrollo.grupomedios.com\/futbol\/wp-json\/wp\/v2\/tags?post=282173"}],"curies":[{"name":"wp","href":"https:\/\/api.w.org\/{rel}","templated":true}]}}