{"id":282176,"date":"2015-06-02T15:23:37","date_gmt":"2015-06-02T20:23:37","guid":{"rendered":"http:\/\/futboltotal.com.mx\/?p=282176"},"modified":"2015-06-02T19:20:34","modified_gmt":"2015-06-03T00:20:34","slug":"peligra-copa-america-centenario-2016","status":"publish","type":"post","link":"http:\/\/desarrollo.grupomedios.com\/futbol\/futbol-internacional\/peligra-copa-america-centenario-2016\/2015\/06","title":{"rendered":"Peligra Copa Am\u00e9rica Centenario 2016"},"content":{"rendered":"<p>Los esc\u00e1ndalos de corrupci\u00f3n de la <strong>FIFA<\/strong>, que tambi\u00e9n han llegado a la\u00a0CONMEBOL\u00a0y a\u00a0CONCACAF,\u00a0siguen dando de qu\u00e9 hablar, pues este problema puso en <strong>peligro<\/strong> la celebraci\u00f3n de la <strong>Copa Am\u00e9rica Centenario 2016<\/strong> en los Estados Unidos.<\/p>\n<p>&#8220;Hoy por hoy hay que ponerle un extraordinario interrogante a la posibilidad de jugar esa Copa&#8221;, alert\u00f3 el secretario general de la CONMEBOL, Jos\u00e9 Luis Meiszner, en entrevista con <em>Radio Am\u00e9rica<\/em> en Buenos Aires.<\/p>\n<p>El directivo explic\u00f3 que pesa la ausencia del presidente de la Confederaci\u00f3n (que est\u00e1 preso) y las empresas titulares de derechos tienen bloqueados sus fondos.<\/p>\n<p>La semana pasada el FBI acus\u00f3 de corrupci\u00f3n y sobornos a nueve dirigentes de la FIFA y cinco ejecutivos de empresas de marketing, por lo cual est\u00e1 en peligro la <strong>Copa Am\u00e9rica Centenario 2016<\/strong>.<\/p>\n","protected":false},"excerpt":{"rendered":"<p>Los esc\u00e1ndalos de corrupci\u00f3n de la FIFA podr\u00edan impedir la celebraci\u00f3n de la justa<\/p>\n","protected":false},"author":20,"featured_media":282179,"comment_status":"open","ping_status":"open","sticky":false,"template":"","format":"standard","meta":[],"categories":[3839,3844],"tags":[2130,1097,361],"_links":{"self":[{"href":"http:\/\/desarrollo.grupomedios.com\/futbol\/wp-json\/wp\/v2\/posts\/282176"}],"collection":[{"href":"http:\/\/desarrollo.grupomedios.com\/futbol\/wp-json\/wp\/v2\/posts"}],"about":[{"href":"http:\/\/desarrollo.grupomedios.com\/futbol\/wp-json\/wp\/v2\/types\/post"}],"author":[{"embeddable":true,"href":"http:\/\/desarrollo.grupomedios.com\/futbol\/wp-json\/wp\/v2\/users\/20"}],"replies":[{"embeddable":true,"href":"http:\/\/desarrollo.grupomedios.com\/futbol\/wp-json\/wp\/v2\/comments?post=282176"}],"version-history":[{"count":0,"href":"http:\/\/desarrollo.grupomedios.com\/futbol\/wp-json\/wp\/v2\/posts\/282176\/revisions"}],"wp:featuredmedia":[{"embeddable":true,"href":"http:\/\/desarrollo.grupomedios.com\/futbol\/wp-json\/wp\/v2\/media\/282179"}],"wp:attachment":[{"href":"http:\/\/desarrollo.grupomedios.com\/futbol\/wp-json\/wp\/v2\/media?parent=282176"}],"wp:term":[{"taxonomy":"category","embeddable":true,"href":"http:\/\/desarrollo.grupomedios.com\/futbol\/wp-json\/wp\/v2\/categories?post=282176"},{"taxonomy":"post_tag","embeddable":true,"href":"http:\/\/desarrollo.grupomedios.com\/futbol\/wp-json\/wp\/v2\/tags?post=282176"}],"curies":[{"name":"wp","href":"https:\/\/api.w.org\/{rel}","templated":true}]}}