{"id":282287,"date":"2015-06-02T21:18:21","date_gmt":"2015-06-03T02:18:21","guid":{"rendered":"http:\/\/futboltotal.com.mx\/?p=282287"},"modified":"2015-06-02T21:18:21","modified_gmt":"2015-06-03T02:18:21","slug":"alemao-considera-injusta-su-salida-de-cruz-azul","status":"publish","type":"post","link":"http:\/\/desarrollo.grupomedios.com\/futbol\/futbol-mexicano\/alemao-considera-injusta-su-salida-de-cruz-azul\/2015\/06","title":{"rendered":"Alemao considera injusta su salida de Cruz Azul"},"content":{"rendered":"<p><b>Alemao<\/b> consider\u00f3 injusto aparecer en la <b>lista de trasferibles<\/b> de <b>Cruz Azul<\/b>. Y sin empacho, el delantero brasile\u00f1o asegur\u00f3 sentirse triste por la noticia, la cual conoci\u00f3 a trav\u00e9s de los medios de comunicaci\u00f3n.<\/p>\n<p>\u201cSi es <strong>injusto<\/strong>. Estoy triste, porque es un club que me gusta mucho. Me quedar\u00e9 triste por dejar al equipo. Fue de aprendizaje y mucha gente conoci\u00f3 a Alemao. Me gan\u00e9 a muchos con mi futbol y mi forma de ser, estuve feliz y tengo certeza que me gan\u00e9 a toda la afici\u00f3n\u201d, declar\u00f3 <b>Alemao<\/b>.<\/p>\n<p>Jos\u00e9 Carlos Toffolo, quien en su primer torneo en la <b>Liga MX<\/b> marc\u00f3 tres goles, mencion\u00f3 que ning\u00fan directivo de <b>Cruz Azul<\/b> le inform\u00f3 sobre los planes que ten\u00edan con \u00e9l.<\/p>\n<p>\u201cTengo seis meses de contrato y vamos a ver qu\u00e9 va a pasar, porque tengo contrato hasta diciembre. Yo me estoy enterando por parte de la gente de prensa. Es una l\u00e1stima, porque me identifico con la gente del club, con la afici\u00f3n y con la prensa\u201d, declar\u00f3 <b>Alemao <\/b>en entrevista con <i>ESPN<\/i>.<\/p>\n<p>El delantero se encuentra en\u00a0Brasil y reportar\u00e1 a la entidad <em>cementera<\/em> el pr\u00f3ximo 8 de junio.<\/p>\n<p><strong><a href=\"http:\/\/futboltotal.com.mx\/2015\/06\/futbol-de-estufa-apertura-2015\/\">FUTBOL DE ESTUFA\u00a0| APERTURA\u00a02015 | LIGA MX |\u00a0Dale click<\/a>\u2026<\/strong><\/p>\n","protected":false},"excerpt":{"rendered":"<p>&#8220;Me estoy enterando por la prensa&#8221;, apunt\u00f3 el delantero brasile\u00f1o<\/p>\n","protected":false},"author":20,"featured_media":282288,"comment_status":"open","ping_status":"open","sticky":false,"template":"","format":"standard","meta":[],"categories":[2198,3845],"tags":[5433,5437,5962,5438],"_links":{"self":[{"href":"http:\/\/desarrollo.grupomedios.com\/futbol\/wp-json\/wp\/v2\/posts\/282287"}],"collection":[{"href":"http:\/\/desarrollo.grupomedios.com\/futbol\/wp-json\/wp\/v2\/posts"}],"about":[{"href":"http:\/\/desarrollo.grupomedios.com\/futbol\/wp-json\/wp\/v2\/types\/post"}],"author":[{"embeddable":true,"href":"http:\/\/desarrollo.grupomedios.com\/futbol\/wp-json\/wp\/v2\/users\/20"}],"replies":[{"embeddable":true,"href":"http:\/\/desarrollo.grupomedios.com\/futbol\/wp-json\/wp\/v2\/comments?post=282287"}],"version-history":[{"count":0,"href":"http:\/\/desarrollo.grupomedios.com\/futbol\/wp-json\/wp\/v2\/posts\/282287\/revisions"}],"wp:featuredmedia":[{"embeddable":true,"href":"http:\/\/desarrollo.grupomedios.com\/futbol\/wp-json\/wp\/v2\/media\/282288"}],"wp:attachment":[{"href":"http:\/\/desarrollo.grupomedios.com\/futbol\/wp-json\/wp\/v2\/media?parent=282287"}],"wp:term":[{"taxonomy":"category","embeddable":true,"href":"http:\/\/desarrollo.grupomedios.com\/futbol\/wp-json\/wp\/v2\/categories?post=282287"},{"taxonomy":"post_tag","embeddable":true,"href":"http:\/\/desarrollo.grupomedios.com\/futbol\/wp-json\/wp\/v2\/tags?post=282287"}],"curies":[{"name":"wp","href":"https:\/\/api.w.org\/{rel}","templated":true}]}}