{"id":282361,"date":"2015-06-03T11:58:03","date_gmt":"2015-06-03T16:58:03","guid":{"rendered":"http:\/\/futboltotal.com.mx\/?p=282361"},"modified":"2015-06-03T16:55:34","modified_gmt":"2015-06-03T21:55:34","slug":"alexis-sanchez-tuvo-un-gesto-espectacular-con-una-aficionada","status":"publish","type":"post","link":"http:\/\/desarrollo.grupomedios.com\/futbol\/videos\/alexis-sanchez-tuvo-un-gesto-espectacular-con-una-aficionada\/2015\/06","title":{"rendered":"Alexis S\u00e1nchez y su gesto espectacular con una fan"},"content":{"rendered":"<p>Con la conquista de la <strong>FA Cup<\/strong> a\u00f1adido a su lista de palmar\u00e9s, el atacante chileno <strong>Alexis S\u00e1nchez<\/strong> volvi\u00f3 a su pa\u00eds y se integr\u00f3 a su selecci\u00f3n para enfrentar la Copa Am\u00e9rica.<\/p>\n<p>La emoci\u00f3n de ver a Alexis llegar de nuevo a casa fue demasiado para una joven aficionada, que logr\u00f3 colarse detr\u00e1s de las barreras impuestas por la polic\u00eda, para luego correr hacia su \u00eddolo. De inmediato, fue detenida por el cuerpo polic\u00edaco, antes llamando la atenci\u00f3n del crack, que fue a su rescate.<\/p>\n<p>Momentos despu\u00e9s, esto paso:<\/p>\n<p><iframe loading=\"lazy\" src=\"https:\/\/www.youtube.com\/embed\/WP9rgy8_tEA\" frameborder=\"0\" allowfullscreen=\"allowfullscreen\"><\/iframe><\/p>\n<p>\u00bfQu\u00e9 les parece, cracks?<\/p>\n","protected":false},"excerpt":{"rendered":"<p>El chileno salv\u00f3 a una joven de las manos del cuerpo policiaco<\/p>\n","protected":false},"author":20,"featured_media":282363,"comment_status":"open","ping_status":"open","sticky":false,"template":"","format":"standard","meta":[],"categories":[3839,3846,4],"tags":[6053,406,2130],"_links":{"self":[{"href":"http:\/\/desarrollo.grupomedios.com\/futbol\/wp-json\/wp\/v2\/posts\/282361"}],"collection":[{"href":"http:\/\/desarrollo.grupomedios.com\/futbol\/wp-json\/wp\/v2\/posts"}],"about":[{"href":"http:\/\/desarrollo.grupomedios.com\/futbol\/wp-json\/wp\/v2\/types\/post"}],"author":[{"embeddable":true,"href":"http:\/\/desarrollo.grupomedios.com\/futbol\/wp-json\/wp\/v2\/users\/20"}],"replies":[{"embeddable":true,"href":"http:\/\/desarrollo.grupomedios.com\/futbol\/wp-json\/wp\/v2\/comments?post=282361"}],"version-history":[{"count":0,"href":"http:\/\/desarrollo.grupomedios.com\/futbol\/wp-json\/wp\/v2\/posts\/282361\/revisions"}],"wp:featuredmedia":[{"embeddable":true,"href":"http:\/\/desarrollo.grupomedios.com\/futbol\/wp-json\/wp\/v2\/media\/282363"}],"wp:attachment":[{"href":"http:\/\/desarrollo.grupomedios.com\/futbol\/wp-json\/wp\/v2\/media?parent=282361"}],"wp:term":[{"taxonomy":"category","embeddable":true,"href":"http:\/\/desarrollo.grupomedios.com\/futbol\/wp-json\/wp\/v2\/categories?post=282361"},{"taxonomy":"post_tag","embeddable":true,"href":"http:\/\/desarrollo.grupomedios.com\/futbol\/wp-json\/wp\/v2\/tags?post=282361"}],"curies":[{"name":"wp","href":"https:\/\/api.w.org\/{rel}","templated":true}]}}