{"id":282389,"date":"2015-06-03T14:03:37","date_gmt":"2015-06-03T19:03:37","guid":{"rendered":"http:\/\/futboltotal.com.mx\/?p=282389"},"modified":"2015-06-03T16:14:51","modified_gmt":"2015-06-03T21:14:51","slug":"joao-rojas-seria-baja-en-cruz-azul","status":"publish","type":"post","link":"http:\/\/desarrollo.grupomedios.com\/futbol\/futbol-mexicano\/joao-rojas-seria-baja-en-cruz-azul\/2015\/06","title":{"rendered":"Joao Rojas ser\u00eda baja en Cruz Azul"},"content":{"rendered":"<p>Luego de la llegada de Sergio Bueno,<a href=\"http:\/\/futboltotal.com.mx\/equipos\/cruz-azul\/\" target=\"_blank\"> <strong>Cruz Azul<\/strong> <\/a>ya busca reforzar su plantilla de cara al <strong>Apertura 2015<\/strong> de la <a href=\"http:\/\/futboltotal.com.mx\/futbol-mexicano\/liga-mx\/\" target=\"_blank\"><strong>Liga MX<\/strong>,<\/a> motivo por el cual <strong>Joao Rojas<\/strong> ser\u00eda otra de las bajas del plantel.<\/p>\n<p>Seg\u00fan trasciende, <em>La M\u00e1quina<\/em> buscar\u00eda un intercambio por el delantero colombiano <strong>Dayro Moreno,<\/strong> actual jugador de <strong>Tijuana<\/strong>; otras de las opciones de la negociaci\u00f3n podr\u00eda ser <strong>Gabriel Hauche.<\/strong><\/p>\n<p>Otros de los elementos que quedar\u00edan transferibles ser\u00edan Fausto Pinto, Rogelio Ch\u00e1vez y Alejandro Vela. Se espera que antes del viernes <strong>Cruz Azul<\/strong> d\u00e9 a conocer su lista oficial.<\/p>\n<p>Ayer martes, Agust\u00edn Manzo, director deportivo del equipo, adelant\u00f3 que <a href=\"http:\/\/futboltotal.com.mx\/2015\/06\/alemao-y-lizarazo-encabezan-bajas-de-cruz-azul\/\" target=\"_blank\"><strong>Carlos Lizarazo y Alemao fueron las primeras bajas<\/strong>;<\/a> al tiempo que garantiz\u00f3 que Chaco Gim\u00e9nez y Gerardo Torrado se mantendr\u00e1n en la plantilla.<\/p>\n<p>El espa\u00f1ol naturalizado mexicano, Marc Crosas, ser\u00e1 el primer refuerzo de <strong>Cruz Azul<\/strong>, quien busca romper 17 a\u00f1os sin t\u00edtulo.<\/p>\n","protected":false},"excerpt":{"rendered":"<p>La M\u00e1quina buscar\u00eda un cambio por Dayro Moreno<\/p>\n","protected":false},"author":20,"featured_media":282393,"comment_status":"open","ping_status":"open","sticky":false,"template":"","format":"standard","meta":[],"categories":[2198,3845],"tags":[5435,5962,3749,434,271],"_links":{"self":[{"href":"http:\/\/desarrollo.grupomedios.com\/futbol\/wp-json\/wp\/v2\/posts\/282389"}],"collection":[{"href":"http:\/\/desarrollo.grupomedios.com\/futbol\/wp-json\/wp\/v2\/posts"}],"about":[{"href":"http:\/\/desarrollo.grupomedios.com\/futbol\/wp-json\/wp\/v2\/types\/post"}],"author":[{"embeddable":true,"href":"http:\/\/desarrollo.grupomedios.com\/futbol\/wp-json\/wp\/v2\/users\/20"}],"replies":[{"embeddable":true,"href":"http:\/\/desarrollo.grupomedios.com\/futbol\/wp-json\/wp\/v2\/comments?post=282389"}],"version-history":[{"count":0,"href":"http:\/\/desarrollo.grupomedios.com\/futbol\/wp-json\/wp\/v2\/posts\/282389\/revisions"}],"wp:featuredmedia":[{"embeddable":true,"href":"http:\/\/desarrollo.grupomedios.com\/futbol\/wp-json\/wp\/v2\/media\/282393"}],"wp:attachment":[{"href":"http:\/\/desarrollo.grupomedios.com\/futbol\/wp-json\/wp\/v2\/media?parent=282389"}],"wp:term":[{"taxonomy":"category","embeddable":true,"href":"http:\/\/desarrollo.grupomedios.com\/futbol\/wp-json\/wp\/v2\/categories?post=282389"},{"taxonomy":"post_tag","embeddable":true,"href":"http:\/\/desarrollo.grupomedios.com\/futbol\/wp-json\/wp\/v2\/tags?post=282389"}],"curies":[{"name":"wp","href":"https:\/\/api.w.org\/{rel}","templated":true}]}}