{"id":282405,"date":"2015-06-03T15:16:47","date_gmt":"2015-06-03T20:16:47","guid":{"rendered":"http:\/\/futboltotal.com.mx\/?p=282405"},"modified":"2015-06-03T16:09:15","modified_gmt":"2015-06-03T21:09:15","slug":"robert-herrera-primer-refuerzo-del-puebla","status":"publish","type":"post","link":"http:\/\/desarrollo.grupomedios.com\/futbol\/futbol-mexicano\/robert-herrera-primer-refuerzo-del-puebla\/2015\/06","title":{"rendered":"Robert Herrera, primer refuerzo del Puebla"},"content":{"rendered":"<p>Pablo Marini ya busca jugadores para el <a href=\"http:\/\/futboltotal.com.mx\/equipos\/puebla\/\" target=\"_blank\"><strong>Puebla<\/strong><\/a> de cara al <strong>Apertura 2015<\/strong> de la <strong><a href=\"http:\/\/futboltotal.com.mx\/futbol-mexicano\/liga-mx\/\" target=\"_blank\">Liga MX<\/a>,<\/strong> ante ello se confirm\u00f3 que el defensa uruguayo <strong>Robert Herrera<\/strong> es el primer refuerzo del club para la pr\u00f3xima temporada.<\/p>\n<p>El zaguero de 26 a\u00f1os llega procedente del Defensor Sporting de Uruguay, equipo donde milit\u00f3 desde 2008 y conquist\u00f3 cuatro t\u00edtulos de Liga.<\/p>\n<p>Walter Fleita, director deportivo de <strong>Puebla<\/strong>, fue quien confirm\u00f3 la noticia en el programa <em>Zona Franja<\/em> de <em>TDW<\/em>, donde a\u00f1adi\u00f3 que <a href=\"http:\/\/futboltotal.com.mx\/2015\/05\/matias-alustiza-en-la-mira-del-cruz-azul\/\" target=\"_blank\"><strong>Mat\u00edas Alustiza s\u00ed estar\u00eda transferible.\u00a0<\/strong><\/a><\/p>\n<p>En el \u00faltimo a\u00f1o en Uruguay, <strong>Robert<\/strong>\u00a0<strong>Herrera<\/strong> jug\u00f3 23 partidos, donde sum\u00f3 mil 905 goles. No marc\u00f3 gol y recibi\u00f3 cinco amonestaciones.<\/p>\n","protected":false},"excerpt":{"rendered":"<p>El defensa uruguayo llega procedente del Defensor Sporting<\/p>\n","protected":false},"author":20,"featured_media":282406,"comment_status":"open","ping_status":"open","sticky":false,"template":"","format":"standard","meta":[],"categories":[2198,3845],"tags":[948,64,5969,5441,5442],"_links":{"self":[{"href":"http:\/\/desarrollo.grupomedios.com\/futbol\/wp-json\/wp\/v2\/posts\/282405"}],"collection":[{"href":"http:\/\/desarrollo.grupomedios.com\/futbol\/wp-json\/wp\/v2\/posts"}],"about":[{"href":"http:\/\/desarrollo.grupomedios.com\/futbol\/wp-json\/wp\/v2\/types\/post"}],"author":[{"embeddable":true,"href":"http:\/\/desarrollo.grupomedios.com\/futbol\/wp-json\/wp\/v2\/users\/20"}],"replies":[{"embeddable":true,"href":"http:\/\/desarrollo.grupomedios.com\/futbol\/wp-json\/wp\/v2\/comments?post=282405"}],"version-history":[{"count":0,"href":"http:\/\/desarrollo.grupomedios.com\/futbol\/wp-json\/wp\/v2\/posts\/282405\/revisions"}],"wp:featuredmedia":[{"embeddable":true,"href":"http:\/\/desarrollo.grupomedios.com\/futbol\/wp-json\/wp\/v2\/media\/282406"}],"wp:attachment":[{"href":"http:\/\/desarrollo.grupomedios.com\/futbol\/wp-json\/wp\/v2\/media?parent=282405"}],"wp:term":[{"taxonomy":"category","embeddable":true,"href":"http:\/\/desarrollo.grupomedios.com\/futbol\/wp-json\/wp\/v2\/categories?post=282405"},{"taxonomy":"post_tag","embeddable":true,"href":"http:\/\/desarrollo.grupomedios.com\/futbol\/wp-json\/wp\/v2\/tags?post=282405"}],"curies":[{"name":"wp","href":"https:\/\/api.w.org\/{rel}","templated":true}]}}