{"id":282512,"date":"2015-06-04T00:05:49","date_gmt":"2015-06-04T05:05:49","guid":{"rendered":"http:\/\/futboltotal.com.mx\/?p=282512"},"modified":"2015-06-04T11:03:20","modified_gmt":"2015-06-04T16:03:20","slug":"rogelio-funes-mori-llega-a-monterrey","status":"publish","type":"post","link":"http:\/\/desarrollo.grupomedios.com\/futbol\/uncategorized\/rogelio-funes-mori-llega-a-monterrey\/2015\/06","title":{"rendered":"Funes Mori, confirmado para Monterrey"},"content":{"rendered":"<p><strong>Rogelio Funes Mori<\/strong> ser\u00e1 el nuevo refuerzo del <a href=\"http:\/\/www.futboltotal.com.mx\/equipos\/monterrey\/\" target=\"_blank\"><strong>Monterrey<\/strong><\/a> de cara al Apertura 2015. El ariete proviene del balompi\u00e9 turco, y ahora los rumores sobre su llegada se han hecho realidad.<\/p>\n<p>El argentino ser\u00e1 presentado antes del fin de semana con la casaca de Rayados. Y, de concretarse tambi\u00e9n el fichaje de Aldo de Nigris, ser\u00edan la dupla titular del <strong>Monterrey<\/strong>.<\/p>\n<p>Luego de iniciar su carrera con <strong>River Plate<\/strong>, el atacante migr\u00f3 al futbol europeo, donde reforz\u00f3 al Benfica portugu\u00e9s antes de pasar a la liga turca con el Eskisehirspor.<\/p>\n<p>Adem\u00e1s de ser seleccionado en inferiores para la <em>albiceleste<\/em>, Rogelio fue seleccionado para un partido con la mayor en el 2012, un amistoso ante Brasil.<\/p>\n","protected":false},"excerpt":{"rendered":"<p>El ariete argentino proviene de tierras europeas<\/p>\n","protected":false},"author":20,"featured_media":282570,"comment_status":"open","ping_status":"open","sticky":false,"template":"","format":"standard","meta":[],"categories":[2198,3845,1],"tags":[4847,1110],"_links":{"self":[{"href":"http:\/\/desarrollo.grupomedios.com\/futbol\/wp-json\/wp\/v2\/posts\/282512"}],"collection":[{"href":"http:\/\/desarrollo.grupomedios.com\/futbol\/wp-json\/wp\/v2\/posts"}],"about":[{"href":"http:\/\/desarrollo.grupomedios.com\/futbol\/wp-json\/wp\/v2\/types\/post"}],"author":[{"embeddable":true,"href":"http:\/\/desarrollo.grupomedios.com\/futbol\/wp-json\/wp\/v2\/users\/20"}],"replies":[{"embeddable":true,"href":"http:\/\/desarrollo.grupomedios.com\/futbol\/wp-json\/wp\/v2\/comments?post=282512"}],"version-history":[{"count":0,"href":"http:\/\/desarrollo.grupomedios.com\/futbol\/wp-json\/wp\/v2\/posts\/282512\/revisions"}],"wp:featuredmedia":[{"embeddable":true,"href":"http:\/\/desarrollo.grupomedios.com\/futbol\/wp-json\/wp\/v2\/media\/282570"}],"wp:attachment":[{"href":"http:\/\/desarrollo.grupomedios.com\/futbol\/wp-json\/wp\/v2\/media?parent=282512"}],"wp:term":[{"taxonomy":"category","embeddable":true,"href":"http:\/\/desarrollo.grupomedios.com\/futbol\/wp-json\/wp\/v2\/categories?post=282512"},{"taxonomy":"post_tag","embeddable":true,"href":"http:\/\/desarrollo.grupomedios.com\/futbol\/wp-json\/wp\/v2\/tags?post=282512"}],"curies":[{"name":"wp","href":"https:\/\/api.w.org\/{rel}","templated":true}]}}