{"id":282647,"date":"2015-06-04T15:04:56","date_gmt":"2015-06-04T20:04:56","guid":{"rendered":"http:\/\/futboltotal.com.mx\/?p=282647"},"modified":"2015-06-04T15:04:56","modified_gmt":"2015-06-04T20:04:56","slug":"griezmann-seguira-en-el-atletico-de-madrid","status":"publish","type":"post","link":"http:\/\/desarrollo.grupomedios.com\/futbol\/futbol-internacional\/griezmann-seguira-en-el-atletico-de-madrid\/2015\/06","title":{"rendered":"Griezmann seguir\u00e1 en el Atl\u00e9tico de Madrid"},"content":{"rendered":"<p><strong>Antoine Griezmann<\/strong> es un futbolista diferente: h\u00e1bil con los pies y tambi\u00e9n con la cabeza. Al franc\u00e9s le agradan los ciclos largos y con ello, desecha la oportunidad de cambiar de\u00a0colores para la pr\u00f3xima campa\u00f1a, dejando en claro que pretende seguir con el <strong>Atl\u00e9tico de Madrid<\/strong> a pesar de las seductoras ofertas que llegan por \u00e9l desde otros pa\u00edses.<\/p>\n<p>No es una casualidad que la revista\u00a0<em>Onze Mondial<\/em>\u00a0lo haya elegido como el mejor futbolista franc\u00e9s de toda la temporada, por encima de dos cracks de la talla de Pogba o Benzema. Pero apenas ayer recibi\u00f3 un nuevo galard\u00f3n como recompensa a su excelso rendimiento, pues los fan\u00e1ticos colchoneros lo nombraron como el mejor del equipo tras una serie de votaciones y el franc\u00e9s no dud\u00f3 en expresar su reconocimiento y de paso, sentenci\u00f3 que pretende mejorar sus n\u00fameros con el <em>Atleti<\/em>.<\/p>\n<p>&#8220;Quiero dar las gracias a la afici\u00f3n por todo su apoyo. Intent\u00e9 dar lo m\u00e1ximo de m\u00ed y hacerlo lo mejor posible&#8221;, acot\u00f3 el franc\u00e9s. &#8220;\u00a1os esperamos el a\u00f1o que viene!&#8221;, remat\u00f3 en el video institucional para ahuyentar los rumores tras el fuerte inter\u00e9s del Bayern Munich y Chelsea.<\/p>\n<p>Lo daremos todo para hacer una buena pretemporada y estar preparados para los grandes partidos en Liga y en Champions&#8221;, abund\u00f3 <strong>Griezmann<\/strong>, quien espera mejorar sus n\u00fameros para el futuro curso, algo que ha logrado\u00a0a lo largo de su palmar\u00e9s.<\/p>\n<p>En la 2009-10, marc\u00f3 6 goles. Para la 2010-11, ya fueron 7. Consigui\u00f3 8\u00a0en la 2011-12, \u00a0y de nuevo se super\u00f3 con 11 en la 2012-13. Definitivamente dio el salto de calidad con 20 en la 2013-14 y 25 en la \u00faltima, la 2014-15, apenas en su primer a\u00f1o con el Atl\u00e9tico. &#8220;Quiero hacerlo mejor o igualar los n\u00fameros de esta temporada en la pr\u00f3xima campa\u00f1a&#8221;, sentenci\u00f3.<\/p>\n","protected":false},"excerpt":{"rendered":"<p>El seleccionado franc\u00e9s descart\u00f3 cambiar de club en verano <\/p>\n","protected":false},"author":20,"featured_media":282657,"comment_status":"open","ping_status":"open","sticky":false,"template":"","format":"standard","meta":[],"categories":[3839,3844],"tags":[6007,5256],"_links":{"self":[{"href":"http:\/\/desarrollo.grupomedios.com\/futbol\/wp-json\/wp\/v2\/posts\/282647"}],"collection":[{"href":"http:\/\/desarrollo.grupomedios.com\/futbol\/wp-json\/wp\/v2\/posts"}],"about":[{"href":"http:\/\/desarrollo.grupomedios.com\/futbol\/wp-json\/wp\/v2\/types\/post"}],"author":[{"embeddable":true,"href":"http:\/\/desarrollo.grupomedios.com\/futbol\/wp-json\/wp\/v2\/users\/20"}],"replies":[{"embeddable":true,"href":"http:\/\/desarrollo.grupomedios.com\/futbol\/wp-json\/wp\/v2\/comments?post=282647"}],"version-history":[{"count":0,"href":"http:\/\/desarrollo.grupomedios.com\/futbol\/wp-json\/wp\/v2\/posts\/282647\/revisions"}],"wp:featuredmedia":[{"embeddable":true,"href":"http:\/\/desarrollo.grupomedios.com\/futbol\/wp-json\/wp\/v2\/media\/282657"}],"wp:attachment":[{"href":"http:\/\/desarrollo.grupomedios.com\/futbol\/wp-json\/wp\/v2\/media?parent=282647"}],"wp:term":[{"taxonomy":"category","embeddable":true,"href":"http:\/\/desarrollo.grupomedios.com\/futbol\/wp-json\/wp\/v2\/categories?post=282647"},{"taxonomy":"post_tag","embeddable":true,"href":"http:\/\/desarrollo.grupomedios.com\/futbol\/wp-json\/wp\/v2\/tags?post=282647"}],"curies":[{"name":"wp","href":"https:\/\/api.w.org\/{rel}","templated":true}]}}