{"id":282695,"date":"2015-06-04T16:01:15","date_gmt":"2015-06-04T21:01:15","guid":{"rendered":"http:\/\/futboltotal.com.mx\/?p=282695"},"modified":"2015-06-04T16:06:03","modified_gmt":"2015-06-04T21:06:03","slug":"quique-sanchez-nuevo-dt-del-watford","status":"publish","type":"post","link":"http:\/\/desarrollo.grupomedios.com\/futbol\/futbol-internacional\/quique-sanchez-nuevo-dt-del-watford\/2015\/06","title":{"rendered":"\u00bfQuique S\u00e1nchez, nuevo DT del Watford?"},"content":{"rendered":"<p>Seg\u00fan la prensa de Espa\u00f1a, el espa\u00f1ol <strong>Quique S\u00e1nchez Flores<\/strong> ser\u00e1 el nuevo entrenador del <strong>Watford<\/strong>, equipo donde milita el mexicano <strong>Miguel Lay\u00fan<\/strong> y que recientemente logr\u00f3 el ascenso a la <strong>Liga Premier<\/strong>.<\/p>\n<p>De acuerdo a informaci\u00f3n del diario <em>AS<\/em>, <strong>Quique S\u00e1nchez<\/strong>, quien el pasado mes de febrero renunci\u00f3 de manera sorpresiva a la direcci\u00f3n t\u00e9cnica del Getafe, firmar\u00e1 por dos a\u00f1os con el cuadro ingl\u00e9s.<\/p>\n<p>Cabe apuntar que <strong>Quique S\u00e1nchez<\/strong>\u00a0se convierte en el segundo entrenador espa\u00f1ol en la Premier League, junto a Roberto Mart\u00ednez. Ser\u00e1 el quinto en la historia de la liga Inglesa.<\/p>\n<p><a href=\"http:\/\/futboltotal.com.mx\/2014\/12\/miguel-layun-es-parte-de-un-peculiar-proyecto\/\"><strong>Miguel Lay\u00fan es parte de un peculiar proyecto<\/strong><\/a>.<\/p>\n","protected":false},"excerpt":{"rendered":"<p>El t\u00e9cnico espa\u00f1ol firmar\u00eda dos a\u00f1os con el cuadro ingl\u00e9s<\/p>\n","protected":false},"author":20,"featured_media":282700,"comment_status":"open","ping_status":"open","sticky":false,"template":"","format":"standard","meta":[],"categories":[3839,3846],"tags":[1035,4370],"_links":{"self":[{"href":"http:\/\/desarrollo.grupomedios.com\/futbol\/wp-json\/wp\/v2\/posts\/282695"}],"collection":[{"href":"http:\/\/desarrollo.grupomedios.com\/futbol\/wp-json\/wp\/v2\/posts"}],"about":[{"href":"http:\/\/desarrollo.grupomedios.com\/futbol\/wp-json\/wp\/v2\/types\/post"}],"author":[{"embeddable":true,"href":"http:\/\/desarrollo.grupomedios.com\/futbol\/wp-json\/wp\/v2\/users\/20"}],"replies":[{"embeddable":true,"href":"http:\/\/desarrollo.grupomedios.com\/futbol\/wp-json\/wp\/v2\/comments?post=282695"}],"version-history":[{"count":0,"href":"http:\/\/desarrollo.grupomedios.com\/futbol\/wp-json\/wp\/v2\/posts\/282695\/revisions"}],"wp:featuredmedia":[{"embeddable":true,"href":"http:\/\/desarrollo.grupomedios.com\/futbol\/wp-json\/wp\/v2\/media\/282700"}],"wp:attachment":[{"href":"http:\/\/desarrollo.grupomedios.com\/futbol\/wp-json\/wp\/v2\/media?parent=282695"}],"wp:term":[{"taxonomy":"category","embeddable":true,"href":"http:\/\/desarrollo.grupomedios.com\/futbol\/wp-json\/wp\/v2\/categories?post=282695"},{"taxonomy":"post_tag","embeddable":true,"href":"http:\/\/desarrollo.grupomedios.com\/futbol\/wp-json\/wp\/v2\/tags?post=282695"}],"curies":[{"name":"wp","href":"https:\/\/api.w.org\/{rel}","templated":true}]}}