{"id":282706,"date":"2015-06-04T17:00:34","date_gmt":"2015-06-04T22:00:34","guid":{"rendered":"http:\/\/futboltotal.com.mx\/?p=282706"},"modified":"2015-06-04T17:04:25","modified_gmt":"2015-06-04T22:04:25","slug":"las-10-futbolistas-mas-guapas-del-mundial-femenil","status":"publish","type":"post","link":"http:\/\/desarrollo.grupomedios.com\/futbol\/galerias\/las-10-futbolistas-mas-guapas-del-mundial-femenil\/2015\/06","title":{"rendered":"Las 10 futbolistas m\u00e1s guapas del Mundial Femenil"},"content":{"rendered":"<p>El Mundial Femenil dar\u00e1 inicio el pr\u00f3ximo s\u00e1bado en Canad\u00e1 y los amantes al balompi\u00e9 tendr\u00e1n varias razones para suspirar no solo por el talento que desbordan estas futbolistas, pues la belleza tambi\u00e9n las acompa\u00f1a lo cual es una raz\u00f3n para seguir a detalle todas las acciones, goles y por supuesto los festejos de <strong>las 10 futbolistas m\u00e1s guapas del certamen<\/strong>.<\/p>\n<div id=\"galleryT6N\" style=\"display:none;\"><img alt=\"Alex Morgan | Estados Unidos\" src=\"http:\/\/desarrollo.grupomedios.com\/futbol\/wp-content\/uploads\/2015\/06\/Alex-Morgan-1-1.jpg\" data-image=\"http:\/\/desarrollo.grupomedios.com\/futbol\/wp-content\/uploads\/2015\/06\/Alex-Morgan-1-1.jpg\" data-description=\"Alex Morgan 1\"><img alt=\"Julia Simic | Alemania\" src=\"http:\/\/desarrollo.grupomedios.com\/futbol\/wp-content\/uploads\/2015\/06\/Julia-Simic-hottest-german-female-footballer.jpg\" data-image=\"http:\/\/desarrollo.grupomedios.com\/futbol\/wp-content\/uploads\/2015\/06\/Julia-Simic-hottest-german-female-footballer.jpg\" data-description=\"Julia Simic hottest german female footballer\"><img alt=\"Selina Wagner | Alemania\" src=\"http:\/\/desarrollo.grupomedios.com\/futbol\/wp-content\/uploads\/2015\/06\/Selina-Wagner-1.jpg\" data-image=\"http:\/\/desarrollo.grupomedios.com\/futbol\/wp-content\/uploads\/2015\/06\/Selina-Wagner-1.jpg\" data-description=\"Selina Wagner 1\"><img alt=\"Lauren Sesselmann | Canad\u00e1 \" src=\"http:\/\/desarrollo.grupomedios.com\/futbol\/wp-content\/uploads\/2015\/06\/Lauren-Sesselmann.jpg\" data-image=\"http:\/\/desarrollo.grupomedios.com\/futbol\/wp-content\/uploads\/2015\/06\/Lauren-Sesselmann.jpg\" data-description=\"Lauren Sesselmann\"><img alt=\"Laure Boulleau | Francia\" src=\"http:\/\/desarrollo.grupomedios.com\/futbol\/wp-content\/uploads\/2015\/06\/LAURE-BOULLEAU.jpg\" data-image=\"http:\/\/desarrollo.grupomedios.com\/futbol\/wp-content\/uploads\/2015\/06\/LAURE-BOULLEAU.jpg\" data-description=\"LAURE BOULLEAU\"><img alt=\"Kaylyn Kyle | Canad\u00e1 \" src=\"http:\/\/desarrollo.grupomedios.com\/futbol\/wp-content\/uploads\/2015\/06\/KAYLYN-KYLE.jpg\" data-image=\"http:\/\/desarrollo.grupomedios.com\/futbol\/wp-content\/uploads\/2015\/06\/KAYLYN-KYLE.jpg\" data-description=\"KAYLYN KYLE\"><img alt=\"Nayeli Rangel | M\u00e9xico \" src=\"http:\/\/desarrollo.grupomedios.com\/futbol\/wp-content\/uploads\/2015\/06\/Nayeli-Rangel-1-.jpg\" data-image=\"http:\/\/desarrollo.grupomedios.com\/futbol\/wp-content\/uploads\/2015\/06\/Nayeli-Rangel-1-.jpg\" data-description=\"Nayeli Rangel 1\"><img alt=\"Anouk Hoogendijk | Holanda \" src=\"http:\/\/desarrollo.grupomedios.com\/futbol\/wp-content\/uploads\/2015\/06\/Anouk-Hoogendijk-1.jpg\" data-image=\"http:\/\/desarrollo.grupomedios.com\/futbol\/wp-content\/uploads\/2015\/06\/Anouk-Hoogendijk-1.jpg\" data-description=\"Anouk Hoogendijk 1\"><img alt=\"Kosovare Asllani | Suecia \" src=\"http:\/\/desarrollo.grupomedios.com\/futbol\/wp-content\/uploads\/2015\/06\/Kosovare-Asllani-1-.jpg\" data-image=\"http:\/\/desarrollo.grupomedios.com\/futbol\/wp-content\/uploads\/2015\/06\/Kosovare-Asllani-1-.jpg\" data-description=\"Kosovare Asllani 1\"><img alt=\"Hope Solo | Estados Unidos\" src=\"http:\/\/desarrollo.grupomedios.com\/futbol\/wp-content\/uploads\/2015\/06\/Hope-Solo-1.jpg\" data-image=\"http:\/\/desarrollo.grupomedios.com\/futbol\/wp-content\/uploads\/2015\/06\/Hope-Solo-1.jpg\" data-description=\"Hope Solo 1\"><\/div>\n        <script>\n        \/\/galeria 1\n        jQuery(document).ready(function(){ \n            var api;\n            api = jQuery(\"#galleryT6N\").unitegallery({\n                carousel_autoplay: false\n            }); \n        });\n        <\/script>\n        \n","protected":false},"excerpt":{"rendered":"<p>A partir del s\u00e1bado las damas dejar\u00e1n todo por coronarse en Canad\u00e1 <\/p>\n","protected":false},"author":20,"featured_media":282741,"comment_status":"open","ping_status":"open","sticky":false,"template":"","format":"standard","meta":[],"categories":[5422,3839,3],"tags":[5462,4501],"_links":{"self":[{"href":"http:\/\/desarrollo.grupomedios.com\/futbol\/wp-json\/wp\/v2\/posts\/282706"}],"collection":[{"href":"http:\/\/desarrollo.grupomedios.com\/futbol\/wp-json\/wp\/v2\/posts"}],"about":[{"href":"http:\/\/desarrollo.grupomedios.com\/futbol\/wp-json\/wp\/v2\/types\/post"}],"author":[{"embeddable":true,"href":"http:\/\/desarrollo.grupomedios.com\/futbol\/wp-json\/wp\/v2\/users\/20"}],"replies":[{"embeddable":true,"href":"http:\/\/desarrollo.grupomedios.com\/futbol\/wp-json\/wp\/v2\/comments?post=282706"}],"version-history":[{"count":0,"href":"http:\/\/desarrollo.grupomedios.com\/futbol\/wp-json\/wp\/v2\/posts\/282706\/revisions"}],"wp:featuredmedia":[{"embeddable":true,"href":"http:\/\/desarrollo.grupomedios.com\/futbol\/wp-json\/wp\/v2\/media\/282741"}],"wp:attachment":[{"href":"http:\/\/desarrollo.grupomedios.com\/futbol\/wp-json\/wp\/v2\/media?parent=282706"}],"wp:term":[{"taxonomy":"category","embeddable":true,"href":"http:\/\/desarrollo.grupomedios.com\/futbol\/wp-json\/wp\/v2\/categories?post=282706"},{"taxonomy":"post_tag","embeddable":true,"href":"http:\/\/desarrollo.grupomedios.com\/futbol\/wp-json\/wp\/v2\/tags?post=282706"}],"curies":[{"name":"wp","href":"https:\/\/api.w.org\/{rel}","templated":true}]}}