{"id":282762,"date":"2015-06-04T17:47:07","date_gmt":"2015-06-04T22:47:07","guid":{"rendered":"http:\/\/futboltotal.com.mx\/?p=282762"},"modified":"2015-06-04T17:47:43","modified_gmt":"2015-06-04T22:47:43","slug":"caso-pulido-tigres-en-suspenso","status":"publish","type":"post","link":"http:\/\/desarrollo.grupomedios.com\/futbol\/futbol-mexicano\/caso-pulido-tigres-en-suspenso\/2015\/06","title":{"rendered":"Caso Pulido-Tigres, en suspenso"},"content":{"rendered":"<p>Este jueves se llev\u00f3 a cabo la \u00faltima audiencia en el Tribunal de Arbitraje Deportivo (<strong>TAS<\/strong>), con sede en Lausana, Suiza,\u00a0entre <strong>Alan Pulido<\/strong> y el club <strong>Tigres<\/strong>. En la reuni\u00f3n -que tuvo una duraci\u00f3n de cinco horas-, ambas partes expusieron sus argumentos.<\/p>\n<p>En ese contexto, destacar que <strong>Alan Pulido<\/strong> busca demostrar que no tiene contrato vigente con el club <em>felino<\/em>, mientras que la directiva de <strong>Tigres<\/strong>, en esta oportunidad representada por el abogado de Sinergia Deportiva, Alberto Palomino, pretenden demostrar que el atacante tiene un v\u00ednculo hasta Junio del 2016.<\/p>\n<p>Especialistas en el tema apunta que la resoluci\u00f3n, que ser\u00e1 inapelable, podr\u00eda tardar entre uno y tres meses.<\/p>\n<p><span style=\"color: #ff0000;\"><strong>FALSA ALARMA<\/strong><\/span>. En redes sociales corri\u00f3 el rumor sobre el fallo final del <strong>TAS<\/strong>. En ese sentido, trascendi\u00f3 que la batalla legal entre <strong>Alan Pulido<\/strong> y los <strong>Tigres<\/strong> hab\u00eda sido ganada por el delantero mexicano, quien presuntamente hab\u00eda sido <strong>declarado jugador libre<\/strong>. Sin embargo, la versi\u00f3n fue desmentida instantes despu\u00e9s.<\/p>\n","protected":false},"excerpt":{"rendered":"<p>La resoluci\u00f3n final del TAS podr\u00eda tardar entre uno y tres meses<\/p>\n","protected":false},"author":20,"featured_media":282763,"comment_status":"open","ping_status":"open","sticky":false,"template":"","format":"standard","meta":[],"categories":[2198,3845],"tags":[1607,3811,5973],"_links":{"self":[{"href":"http:\/\/desarrollo.grupomedios.com\/futbol\/wp-json\/wp\/v2\/posts\/282762"}],"collection":[{"href":"http:\/\/desarrollo.grupomedios.com\/futbol\/wp-json\/wp\/v2\/posts"}],"about":[{"href":"http:\/\/desarrollo.grupomedios.com\/futbol\/wp-json\/wp\/v2\/types\/post"}],"author":[{"embeddable":true,"href":"http:\/\/desarrollo.grupomedios.com\/futbol\/wp-json\/wp\/v2\/users\/20"}],"replies":[{"embeddable":true,"href":"http:\/\/desarrollo.grupomedios.com\/futbol\/wp-json\/wp\/v2\/comments?post=282762"}],"version-history":[{"count":0,"href":"http:\/\/desarrollo.grupomedios.com\/futbol\/wp-json\/wp\/v2\/posts\/282762\/revisions"}],"wp:featuredmedia":[{"embeddable":true,"href":"http:\/\/desarrollo.grupomedios.com\/futbol\/wp-json\/wp\/v2\/media\/282763"}],"wp:attachment":[{"href":"http:\/\/desarrollo.grupomedios.com\/futbol\/wp-json\/wp\/v2\/media?parent=282762"}],"wp:term":[{"taxonomy":"category","embeddable":true,"href":"http:\/\/desarrollo.grupomedios.com\/futbol\/wp-json\/wp\/v2\/categories?post=282762"},{"taxonomy":"post_tag","embeddable":true,"href":"http:\/\/desarrollo.grupomedios.com\/futbol\/wp-json\/wp\/v2\/tags?post=282762"}],"curies":[{"name":"wp","href":"https:\/\/api.w.org\/{rel}","templated":true}]}}