{"id":282799,"date":"2015-06-04T20:11:23","date_gmt":"2015-06-05T01:11:23","guid":{"rendered":"http:\/\/futboltotal.com.mx\/?p=282799"},"modified":"2015-06-04T20:13:19","modified_gmt":"2015-06-05T01:13:19","slug":"chivas-da-a-conocer-sus-juegos-de-pretemporada","status":"publish","type":"post","link":"http:\/\/desarrollo.grupomedios.com\/futbol\/futbol-mexicano\/chivas-da-a-conocer-sus-juegos-de-pretemporada\/2015\/06","title":{"rendered":"Chivas da a conocer sus juegos de pretemporada"},"content":{"rendered":"<p><a href=\"http:\/\/futboltotal.com.mx\/equipos\/chivas\" target=\"_blank\"><strong>Chivas<\/strong> <\/a>dio a conocer que sostendr\u00e1 cuatro partidos de preparaci\u00f3n de cara al inicio del <strong>Apertura 2015,<\/strong> mismos que ser\u00e1n contra equipos de la<a href=\"http:\/\/futboltotal.com.mx\/futbol-mexicano\/liga-mx\/\" target=\"_blank\"><strong> Liga MX.<\/strong><\/a><\/p>\n<p>En una gira por Estados Unidos, el Reba\u00f1o\u00a0se medir\u00e1 ante Le\u00f3n el 7 de julio en Sacramento, California y tres d\u00edas despu\u00e9s har\u00e1 lo propio ante Atlas, en Fresno.<\/p>\n<p>La gira de Guadalajara\u00a0contin\u00faa el d\u00eda 14 cuando se enfrenten al Pachuca en Austin, Texas. Todo termina el 17 de julio en duelo contra Monterrey, en Houston.<\/p>\n<p>En la pretemporada, <strong>Chivas<\/strong> no se cruzar\u00e1 ante rivales europeos, como s\u00ed lo har\u00e1n: <a href=\"http:\/\/futboltotal.com.mx\/2015\/06\/porto-cancela-juego-contra-america-en-mexico\/\" target=\"_blank\">Am\u00e9rica, Atlas,<\/a> Xolos y Monterrey.<\/p>\n<div id=\"attachment_282802\" style=\"width: 656px\" class=\"wp-caption alignnone\"><a href=\"http:\/\/futboltotal.com.mx\/wp-content\/uploads\/2015\/06\/chivas_juegospretemporada_ligamx.png\"><img aria-describedby=\"caption-attachment-282802\" decoding=\"async\" loading=\"lazy\" class=\"wp-image-282802 size-full\" src=\"http:\/\/futboltotal.com.mx\/wp-content\/uploads\/2015\/06\/chivas_juegospretemporada_ligamx.png\" alt=\"Chivas dio a conocer sus juegos de pretemporada. (Foto: Chivas)\" srcset=\"http:\/\/desarrollo.grupomedios.com\/futbol\/wp-content\/uploads\/2015\/06\/chivas_juegospretemporada_ligamx.png 646w, http:\/\/desarrollo.grupomedios.com\/futbol\/wp-content\/uploads\/2015\/06\/chivas_juegospretemporada_ligamx-300x170.png 300w\" sizes=\"(max-width: 646px) 100vw, 646px\" \/><\/a><p id=\"caption-attachment-282802\" class=\"wp-caption-text\">Chivas dio a conocer sus juegos de pretemporada. (Foto: Twitter)<\/p><\/div>\n","protected":false},"excerpt":{"rendered":"<p>Sostendr\u00e1 cuatro duelos contra equipos de la Liga MX <\/p>\n","protected":false},"author":20,"featured_media":282801,"comment_status":"open","ping_status":"open","sticky":false,"template":"","format":"standard","meta":[],"categories":[2198,3845],"tags":[70,5963,5467,64,5468,387],"_links":{"self":[{"href":"http:\/\/desarrollo.grupomedios.com\/futbol\/wp-json\/wp\/v2\/posts\/282799"}],"collection":[{"href":"http:\/\/desarrollo.grupomedios.com\/futbol\/wp-json\/wp\/v2\/posts"}],"about":[{"href":"http:\/\/desarrollo.grupomedios.com\/futbol\/wp-json\/wp\/v2\/types\/post"}],"author":[{"embeddable":true,"href":"http:\/\/desarrollo.grupomedios.com\/futbol\/wp-json\/wp\/v2\/users\/20"}],"replies":[{"embeddable":true,"href":"http:\/\/desarrollo.grupomedios.com\/futbol\/wp-json\/wp\/v2\/comments?post=282799"}],"version-history":[{"count":0,"href":"http:\/\/desarrollo.grupomedios.com\/futbol\/wp-json\/wp\/v2\/posts\/282799\/revisions"}],"wp:featuredmedia":[{"embeddable":true,"href":"http:\/\/desarrollo.grupomedios.com\/futbol\/wp-json\/wp\/v2\/media\/282801"}],"wp:attachment":[{"href":"http:\/\/desarrollo.grupomedios.com\/futbol\/wp-json\/wp\/v2\/media?parent=282799"}],"wp:term":[{"taxonomy":"category","embeddable":true,"href":"http:\/\/desarrollo.grupomedios.com\/futbol\/wp-json\/wp\/v2\/categories?post=282799"},{"taxonomy":"post_tag","embeddable":true,"href":"http:\/\/desarrollo.grupomedios.com\/futbol\/wp-json\/wp\/v2\/tags?post=282799"}],"curies":[{"name":"wp","href":"https:\/\/api.w.org\/{rel}","templated":true}]}}