{"id":282862,"date":"2015-06-05T08:41:19","date_gmt":"2015-06-05T13:41:19","guid":{"rendered":"http:\/\/futboltotal.com.mx\/?p=282862"},"modified":"2015-06-05T08:41:19","modified_gmt":"2015-06-05T13:41:19","slug":"benzema-jugaria-con-el-manchester-united","status":"publish","type":"post","link":"http:\/\/desarrollo.grupomedios.com\/futbol\/futbol-internacional\/benzema-jugaria-con-el-manchester-united\/2015\/06","title":{"rendered":"Benzema jugar\u00eda con el Manchester United"},"content":{"rendered":"<p>El vicepresidente ejecutivo del <strong>Manchester United<\/strong>, Ed Woodward, se puso en contacto al inicio de la semana con el representante de <strong>Karim Benzema<\/strong> para llegar a un acuerdo de transferencia por el seleccionado franc\u00e9s, en v\u00edsperas de cerrar una operaci\u00f3n que se pretende efectuar de temporadas atr\u00e1s.<\/p>\n<p>Woodward intercambi\u00f3 opiniones con Karim Djaziri(agente del futbolista), entre las cuales destacaron el precio a pagar por el a\u00fan delantero del Real Madrid para cerrar la operaci\u00f3n. La oferta ofrecida del United ronda los 55 millones de euros, seg\u00fan publica el <em>Manchester Evening News<\/em>.<\/p>\n<p>La raz\u00f3n del temprano acercamiento es a solicitud del estratega Louis Van Gaal, que espera redondear su plantilla antes de que comience la pretemporada, siendo el franc\u00e9s su principal objetivo para reforzar el ataque. Recordar que el curso anterior los fichajes de los <em>Red Devils<\/em> se dieron a \u00faltimas horas, con Daley Blind y Radamel Falcao cerrando sus acuerdos el d\u00eda final de la ventana de transferencias, mientras que los argentinos \u00c1ngel Di Mar\u00eda y Marcos Rojo se incorporaron al plantel ya con la Premier League en proceso.<\/p>\n<p>El apartado ofensivo es vital para el timonel holand\u00e9s, pues la eficiencia ofensiva qued\u00f3 a deber en 2014-2015. De hecho, desde 1982 el m\u00e1ximo anotador del equipo no ten\u00eda unas cifras tan bajas como las de Wayne Rooney (14), en gran parte por la baja de nivel de Falcao y las constantes lesiones de Van Perise.<\/p>\n","protected":false},"excerpt":{"rendered":"<p>Su agente ha sostenido conversaciones con la directiva de los Red Devils <\/p>\n","protected":false},"author":20,"featured_media":282867,"comment_status":"open","ping_status":"open","sticky":false,"template":"","format":"standard","meta":[],"categories":[3839,3844],"tags":[1961,43],"_links":{"self":[{"href":"http:\/\/desarrollo.grupomedios.com\/futbol\/wp-json\/wp\/v2\/posts\/282862"}],"collection":[{"href":"http:\/\/desarrollo.grupomedios.com\/futbol\/wp-json\/wp\/v2\/posts"}],"about":[{"href":"http:\/\/desarrollo.grupomedios.com\/futbol\/wp-json\/wp\/v2\/types\/post"}],"author":[{"embeddable":true,"href":"http:\/\/desarrollo.grupomedios.com\/futbol\/wp-json\/wp\/v2\/users\/20"}],"replies":[{"embeddable":true,"href":"http:\/\/desarrollo.grupomedios.com\/futbol\/wp-json\/wp\/v2\/comments?post=282862"}],"version-history":[{"count":0,"href":"http:\/\/desarrollo.grupomedios.com\/futbol\/wp-json\/wp\/v2\/posts\/282862\/revisions"}],"wp:featuredmedia":[{"embeddable":true,"href":"http:\/\/desarrollo.grupomedios.com\/futbol\/wp-json\/wp\/v2\/media\/282867"}],"wp:attachment":[{"href":"http:\/\/desarrollo.grupomedios.com\/futbol\/wp-json\/wp\/v2\/media?parent=282862"}],"wp:term":[{"taxonomy":"category","embeddable":true,"href":"http:\/\/desarrollo.grupomedios.com\/futbol\/wp-json\/wp\/v2\/categories?post=282862"},{"taxonomy":"post_tag","embeddable":true,"href":"http:\/\/desarrollo.grupomedios.com\/futbol\/wp-json\/wp\/v2\/tags?post=282862"}],"curies":[{"name":"wp","href":"https:\/\/api.w.org\/{rel}","templated":true}]}}