{"id":282885,"date":"2015-06-05T15:07:45","date_gmt":"2015-06-05T20:07:45","guid":{"rendered":"http:\/\/futboltotal.com.mx\/?p=282885"},"modified":"2015-06-05T18:20:57","modified_gmt":"2015-06-05T23:20:57","slug":"5-futbolistas-a-seguir-del-mundial-femenil","status":"publish","type":"post","link":"http:\/\/desarrollo.grupomedios.com\/futbol\/futbol-internacional\/5-futbolistas-a-seguir-del-mundial-femenil\/2015\/06","title":{"rendered":"Mundial Femenil | Figuras a seguir"},"content":{"rendered":"<p>El balompi\u00e9 femenino est\u00e1 en auge y su punto m\u00e1ximo lo alcanzar\u00e1 el s\u00e1bado con la inauguraci\u00f3n del <strong>Mundial<\/strong> de la especialidad, a celebrarse en <strong>Canad\u00e1<\/strong>. En la competencia ser\u00e1 posible gozar con la calidad de las mujeres, que con una evoluci\u00f3n notable en su talento han demostrado que cada vez es m\u00e1s importante su papel dentro del futbol y para muestra, las siguientes futbolistas, mismas que son las candidatas a consagrarse como las figuras de la cita.<\/p>\n<p><strong>Marta Viera da Silva &#8211; Brasil <\/strong>(29 a\u00f1os): Cinco veces ganadora del Bal\u00f3n de Oro femenino, Marta liderar\u00e1 a la <em>Canarinha<\/em> en Canad\u00e1 con la intenci\u00f3n de llevar a su pa\u00eds a lo m\u00e1s alto por primera vez en un Mundial. La delantera del Rosengard sueco estar\u00e1 bien acompa\u00f1ada por jugadoras como Cristiane, Andreia y Formiga.<\/p>\n<p><iframe loading=\"lazy\" src=\"https:\/\/www.youtube.com\/embed\/99YAGPoQatk\" frameborder=\"0\" allowfullscreen=\"allowfullscreen\"><\/iframe><\/p>\n<p><strong>Vivianne Miedema &#8211; Holanda<\/strong> (18 a\u00f1os): La beb\u00e9 del equipo. Fant\u00e1stica delantera del Bayern de M\u00fanich en la que se centran bastantes de las esperanzas de gloria de los Pa\u00edses Bajos. Autora de siete goles en la liga ganada por el conjunto b\u00e1varo y 16 en toda la fase de clasificaci\u00f3n (incluyendo el play-off) con su selecci\u00f3n, aspira a ser una de las revelaciones del torneo.<\/p>\n<p><iframe loading=\"lazy\" src=\"https:\/\/www.youtube.com\/embed\/tdGO06hXPSc\" frameborder=\"0\" allowfullscreen=\"allowfullscreen\"><\/iframe><\/p>\n<p><strong>Ver\u00f3nica Boquete &#8211; Espa\u00f1a<\/strong> (28 a\u00f1os): La centrocampista gallega, flamante ganadora de la Champions femenina con el Frankfurt, es la jugadora m\u00e1s destacada de un combinado espa\u00f1ol en el que la principal fortaleza es el juego en equipo y el buen toque de bal\u00f3n. Ha sido nominada al Bal\u00f3n de Oro 2014 y al premio a la mejor jugadora de 2015 que otorga la BBC.<\/p>\n<p><iframe loading=\"lazy\" src=\"https:\/\/www.youtube.com\/embed\/5QBsufrNu5s\" frameborder=\"0\" allowfullscreen=\"allowfullscreen\"><\/iframe><\/p>\n<p><strong>Ji Yo Sun\u00a0&#8211; Corea del Sur (24 a\u00f1os):<\/strong>\u00a0Su talento descomunal y la idolatr\u00eda de sus compatriotas le valieron el apodo de Ji Messi.\u00a0Ha sido elegida por la Asociaci\u00f3n de Futbolistas Brit\u00e1nicas como la mejor jugadora del a\u00f1o en Inglaterra.<\/p>\n<p><iframe loading=\"lazy\" src=\"https:\/\/www.youtube.com\/embed\/11vqXfqZbcw\" frameborder=\"0\" allowfullscreen=\"allowfullscreen\"><\/iframe><\/p>\n<p><strong>Abby Wambach &#8211; Estados Unidos<\/strong> (34 a\u00f1os): Una leyenda del balompi\u00e9 norteamericano. Ganadora del Bal\u00f3n de Oro de 2012 y dos veces medalla de oro ol\u00edmpica con la selecci\u00f3n de las <em>barras y estrellas<\/em>. Peligro de gol constante y sobre todo por sus m\u00e1ximas asistentes, Sydney Leroux y Alex Morgan.<\/p>\n<p><iframe loading=\"lazy\" src=\"https:\/\/www.youtube.com\/embed\/0rz4TXdncT0\" frameborder=\"0\" allowfullscreen=\"allowfullscreen\"><\/iframe><\/p>\n","protected":false},"excerpt":{"rendered":"<p>El mundo estar\u00e1 pendiente de lo mostrado en Canad\u00e1 por estas maestras del bal\u00f3n<\/p>\n","protected":false},"author":20,"featured_media":283055,"comment_status":"open","ping_status":"open","sticky":false,"template":"","format":"standard","meta":[],"categories":[3839],"tags":[4501],"_links":{"self":[{"href":"http:\/\/desarrollo.grupomedios.com\/futbol\/wp-json\/wp\/v2\/posts\/282885"}],"collection":[{"href":"http:\/\/desarrollo.grupomedios.com\/futbol\/wp-json\/wp\/v2\/posts"}],"about":[{"href":"http:\/\/desarrollo.grupomedios.com\/futbol\/wp-json\/wp\/v2\/types\/post"}],"author":[{"embeddable":true,"href":"http:\/\/desarrollo.grupomedios.com\/futbol\/wp-json\/wp\/v2\/users\/20"}],"replies":[{"embeddable":true,"href":"http:\/\/desarrollo.grupomedios.com\/futbol\/wp-json\/wp\/v2\/comments?post=282885"}],"version-history":[{"count":0,"href":"http:\/\/desarrollo.grupomedios.com\/futbol\/wp-json\/wp\/v2\/posts\/282885\/revisions"}],"wp:featuredmedia":[{"embeddable":true,"href":"http:\/\/desarrollo.grupomedios.com\/futbol\/wp-json\/wp\/v2\/media\/283055"}],"wp:attachment":[{"href":"http:\/\/desarrollo.grupomedios.com\/futbol\/wp-json\/wp\/v2\/media?parent=282885"}],"wp:term":[{"taxonomy":"category","embeddable":true,"href":"http:\/\/desarrollo.grupomedios.com\/futbol\/wp-json\/wp\/v2\/categories?post=282885"},{"taxonomy":"post_tag","embeddable":true,"href":"http:\/\/desarrollo.grupomedios.com\/futbol\/wp-json\/wp\/v2\/tags?post=282885"}],"curies":[{"name":"wp","href":"https:\/\/api.w.org\/{rel}","templated":true}]}}