{"id":282916,"date":"2015-06-05T11:54:01","date_gmt":"2015-06-05T16:54:01","guid":{"rendered":"http:\/\/futboltotal.com.mx\/?p=282916"},"modified":"2015-06-05T11:55:27","modified_gmt":"2015-06-05T16:55:27","slug":"jurgen-damm-a-dos-millones-de-la-roma","status":"publish","type":"post","link":"http:\/\/desarrollo.grupomedios.com\/futbol\/futbol-mexicano\/jurgen-damm-a-dos-millones-de-la-roma\/2015\/06","title":{"rendered":"J\u00fcrgen Damm, a dos millones de la Roma"},"content":{"rendered":"<p><a href=\"http:\/\/futboltotal.com.mx\/2015\/05\/pachuca-si-recibio-oferta-de-la-roma-por-damm\/\" target=\"_blank\">El futuro de <strong>J\u00fcrgen Damm<\/strong> es una inc\u00f3gnita<\/a>. Hace meses surgi\u00f3 la informaci\u00f3n de que la Roma hab\u00eda hecho un ofrecimiento al Pachuca por el jugador, aunque se desconoc\u00edan las cifras.<\/p>\n<p>Ahora se dice\u00a0que la <strong>Roma<\/strong> habr\u00eda ofrecido ocho millones de d\u00f3lares por el 100% de la carta de <strong>J\u00fcrgen Damm<\/strong>, ah\u00ed fue donde surgi\u00f3 el problema, pues los <em>Tuzos<\/em> no quieren perder a su futbolista de esa manera.<\/p>\n<p>Seg\u00fan informa <em>R\u00e9cord<\/em>, <a href=\"http:\/\/futboltotal.com.mx\/equipos\/pachuca\/\" target=\"_blank\"><strong>Pachuca<\/strong><\/a> pide 10 millones de d\u00f3lares, adem\u00e1s de quedarse con un porcentaje de la carta, cosa que hicieron con la venta de H\u00e9ctor Herrera al Porto y el ecuatoriano Enner Valencia al West Ham.<\/p>\n<p>La ventaja de <strong>J\u00fcrgen Damm<\/strong> es que no ocupar\u00eda plaza de extranjero, debido a que tiene pasaporte comunitario al ser hijo de padre alem\u00e1n.<\/p>\n<p>El elemento de los <em>Tuzos<\/em> se perdi\u00f3 la Copa Am\u00e9rica debido a una lesi\u00f3n; de haber acudido al certamen sudamericano su carta hubiera sido a\u00fan m\u00e1s cara en caso de una buena actuaci\u00f3n.<\/p>\n","protected":false},"excerpt":{"rendered":"<p>Pachuca no habr\u00eda aceptado los 8mdd que ofrecieron por el jugador<\/p>\n","protected":false},"author":20,"featured_media":282925,"comment_status":"open","ping_status":"open","sticky":false,"template":"","format":"standard","meta":[],"categories":[2198,3845],"tags":[2618,5470,1916,5968,320,73],"_links":{"self":[{"href":"http:\/\/desarrollo.grupomedios.com\/futbol\/wp-json\/wp\/v2\/posts\/282916"}],"collection":[{"href":"http:\/\/desarrollo.grupomedios.com\/futbol\/wp-json\/wp\/v2\/posts"}],"about":[{"href":"http:\/\/desarrollo.grupomedios.com\/futbol\/wp-json\/wp\/v2\/types\/post"}],"author":[{"embeddable":true,"href":"http:\/\/desarrollo.grupomedios.com\/futbol\/wp-json\/wp\/v2\/users\/20"}],"replies":[{"embeddable":true,"href":"http:\/\/desarrollo.grupomedios.com\/futbol\/wp-json\/wp\/v2\/comments?post=282916"}],"version-history":[{"count":0,"href":"http:\/\/desarrollo.grupomedios.com\/futbol\/wp-json\/wp\/v2\/posts\/282916\/revisions"}],"wp:featuredmedia":[{"embeddable":true,"href":"http:\/\/desarrollo.grupomedios.com\/futbol\/wp-json\/wp\/v2\/media\/282925"}],"wp:attachment":[{"href":"http:\/\/desarrollo.grupomedios.com\/futbol\/wp-json\/wp\/v2\/media?parent=282916"}],"wp:term":[{"taxonomy":"category","embeddable":true,"href":"http:\/\/desarrollo.grupomedios.com\/futbol\/wp-json\/wp\/v2\/categories?post=282916"},{"taxonomy":"post_tag","embeddable":true,"href":"http:\/\/desarrollo.grupomedios.com\/futbol\/wp-json\/wp\/v2\/tags?post=282916"}],"curies":[{"name":"wp","href":"https:\/\/api.w.org\/{rel}","templated":true}]}}