{"id":282918,"date":"2015-06-05T12:05:13","date_gmt":"2015-06-05T17:05:13","guid":{"rendered":"http:\/\/futboltotal.com.mx\/?p=282918"},"modified":"2015-06-05T12:08:14","modified_gmt":"2015-06-05T17:08:14","slug":"pirma-vestira-a-monarcas-morelia","status":"publish","type":"post","link":"http:\/\/desarrollo.grupomedios.com\/futbol\/futbol-mexicano\/pirma-vestira-a-monarcas-morelia\/2015\/06","title":{"rendered":"Pirma vestir\u00e1 a Monarcas Morelia"},"content":{"rendered":"<p><em>Monarcas<\/em> <strong>Morelia<\/strong> y la empresa mexicana <strong>Pirma<\/strong> han llegado a un acuerdo para que sea la <strong>marca oficial<\/strong> que vista al primer equipo y las\u00a0fuerzas b\u00e1sicas, a partir del pr\u00f3ximo 8 de junio, fecha en que nuestros jugadores comienzan su etapa de pretemporada.<\/p>\n<p>Esta alianza permitir\u00e1 al aficionado de <em>Monarcas<\/em> <strong>Morelia<\/strong> adquirir mayor cantidad y variedad de productos, a un precio accesible, al contar con m\u00e1s de 100 tiendas exclusivas de distribuci\u00f3n en todo el territorio nacional y la uni\u00f3n americana, 8 de ellas en Michoac\u00e1n (5 ubicadas en la capital del estado); adem\u00e1s de ofrecer venta en l\u00ednea en el sitio: tiendapirma.com.<\/p>\n<p>Desde 1990, <strong>Pirma<\/strong> ha marcado la pauta en la producci\u00f3n de ropa deportiva de alta calidad, estando siempre a la vanguardia tanto en fibras textiles como en tecnolog\u00eda, logrando un r\u00e1pido crecimiento dentro del futbol mexicano, adem\u00e1s de exportar sus productos a Sudam\u00e9rica y Estados Unidos, por lo que nuestros seguidores del continente americano podr\u00e1n acceder a la indumentaria oficial de <em>Monarcas<\/em> <strong>Morelia<\/strong>.<\/p>\n<div id=\"attachment_282921\" style=\"width: 610px\" class=\"wp-caption aligncenter\"><a href=\"http:\/\/futboltotal.com.mx\/wp-content\/uploads\/2015\/06\/monarcas_morelia_pirma_liga_mx.jpg\"><img aria-describedby=\"caption-attachment-282921\" decoding=\"async\" loading=\"lazy\" class=\"wp-image-282921 size-full\" src=\"http:\/\/futboltotal.com.mx\/wp-content\/uploads\/2015\/06\/monarcas_morelia_pirma_liga_mx.jpg\" alt=\"monarcas_morelia_pirma_liga_mx\" srcset=\"http:\/\/desarrollo.grupomedios.com\/futbol\/wp-content\/uploads\/2015\/06\/monarcas_morelia_pirma_liga_mx.jpg 600w, http:\/\/desarrollo.grupomedios.com\/futbol\/wp-content\/uploads\/2015\/06\/monarcas_morelia_pirma_liga_mx-300x120.jpg 300w\" sizes=\"(max-width: 600px) 100vw, 600px\" \/><\/a><p id=\"caption-attachment-282921\" class=\"wp-caption-text\">Pirma vestir\u00e1 a Monarcas Morelia<\/p><\/div>\n<p><em>Con informaci\u00f3n de Club Monarcas Morelia<\/em><\/p>\n","protected":false},"excerpt":{"rendered":"<p>La alianza comercial arrancar\u00e1 el pr\u00f3ximo 8 de junio<\/p>\n","protected":false},"author":20,"featured_media":282932,"comment_status":"open","ping_status":"open","sticky":false,"template":"","format":"standard","meta":[],"categories":[2198,3845],"tags":[85,784,5967],"_links":{"self":[{"href":"http:\/\/desarrollo.grupomedios.com\/futbol\/wp-json\/wp\/v2\/posts\/282918"}],"collection":[{"href":"http:\/\/desarrollo.grupomedios.com\/futbol\/wp-json\/wp\/v2\/posts"}],"about":[{"href":"http:\/\/desarrollo.grupomedios.com\/futbol\/wp-json\/wp\/v2\/types\/post"}],"author":[{"embeddable":true,"href":"http:\/\/desarrollo.grupomedios.com\/futbol\/wp-json\/wp\/v2\/users\/20"}],"replies":[{"embeddable":true,"href":"http:\/\/desarrollo.grupomedios.com\/futbol\/wp-json\/wp\/v2\/comments?post=282918"}],"version-history":[{"count":0,"href":"http:\/\/desarrollo.grupomedios.com\/futbol\/wp-json\/wp\/v2\/posts\/282918\/revisions"}],"wp:featuredmedia":[{"embeddable":true,"href":"http:\/\/desarrollo.grupomedios.com\/futbol\/wp-json\/wp\/v2\/media\/282932"}],"wp:attachment":[{"href":"http:\/\/desarrollo.grupomedios.com\/futbol\/wp-json\/wp\/v2\/media?parent=282918"}],"wp:term":[{"taxonomy":"category","embeddable":true,"href":"http:\/\/desarrollo.grupomedios.com\/futbol\/wp-json\/wp\/v2\/categories?post=282918"},{"taxonomy":"post_tag","embeddable":true,"href":"http:\/\/desarrollo.grupomedios.com\/futbol\/wp-json\/wp\/v2\/tags?post=282918"}],"curies":[{"name":"wp","href":"https:\/\/api.w.org\/{rel}","templated":true}]}}