{"id":282929,"date":"2015-06-05T12:20:38","date_gmt":"2015-06-05T17:20:38","guid":{"rendered":"http:\/\/futboltotal.com.mx\/?p=282929"},"modified":"2015-06-05T12:21:12","modified_gmt":"2015-06-05T17:21:12","slug":"america-no-dejara-ir-a-michael-arroyo","status":"publish","type":"post","link":"http:\/\/desarrollo.grupomedios.com\/futbol\/futbol-mexicano\/america-no-dejara-ir-a-michael-arroyo\/2015\/06","title":{"rendered":"Am\u00e9rica no dejar\u00e1 ir a Michael Arroyo"},"content":{"rendered":"<p><a href=\"http:\/\/futboltotal.com.mx\/equipos\/america\/\" target=\"_blank\"><strong>Am\u00e9rica<\/strong><\/a> busc\u00f3 mover lo menos posible a su plantel de cara al <strong>Apertura 2015<\/strong> de la <a href=\"http:\/\/futboltotal.com.mx\/futbol-mexicano\/liga-mx\/\" target=\"_blank\"><strong>Liga MX,<\/strong><\/a> motivo por el cual har\u00e1n v\u00e1lida la opci\u00f3n de compra que tienen por <strong>Michael Arroyo.<\/strong><\/p>\n<p>Una fuente cercana al club inform\u00f3 que tanto Ricardo Pel\u00e1ez, director deportivo de las <em>\u00c1guilas<\/em>, como Ignacio Ambriz, t\u00e9cnico del equipo, solicitaron la permanencia de <a href=\"http:\/\/futboltotal.com.mx\/2015\/06\/michael-arroyo-se-pierde-la-copa-america-con-ecuador\/\" target=\"_blank\"><strong>Michael Arroyo, quien se perdi\u00f3 la Copa Am\u00e9rica 2015 por lesi\u00f3n.<\/strong><\/a><\/p>\n<p><strong>Michael Arroyo<\/strong> lleg\u00f3 al <strong>Am\u00e9rica<\/strong> en el Apertura 2014 gracias a un pr\u00e9stamo del Atlante por 600 mil d\u00f3lares. Ahora el equipo capitalino tendr\u00e1 que soltar cerca de 2.5 millones de d\u00f3lares para cerrar el fichaje del atacante.<\/p>\n<p>En un a\u00f1o con el club de\u00a0Coapa, <strong>Michael Arroyo<\/strong> sum\u00f3 dos mil 495 minutos, donde marc\u00f3 cinco goles. El m\u00e1s importante lo logr\u00f3 en la Final del Apertura 2014 cuando vencieron a Tigres.<\/p>\n<p>De momento, y a\u00fan sin ser oficial pues se har\u00eda hasta el draft del pr\u00f3ximo 10 de junio, s<a href=\"http:\/\/futboltotal.com.mx\/2015\/06\/rifle-andrade-y-guemez-seran-los-refuerzos-del-america\/\" target=\"_blank\">olo Javier G\u00fcemez y Andr\u00e9s Rifle Andrade ser\u00edan los dos \u00fanicos refuerzos<\/a> del Am\u00e9rica.<\/p>\n","protected":false},"excerpt":{"rendered":"<p>Las \u00c1guilas har\u00e1n v\u00e1lida la opci\u00f3n de compra por el ecuatoriano<\/p>\n","protected":false},"author":20,"featured_media":282941,"comment_status":"open","ping_status":"open","sticky":false,"template":"","format":"standard","meta":[],"categories":[2198,3845],"tags":[5959,5471,5960,64,4775,5472],"_links":{"self":[{"href":"http:\/\/desarrollo.grupomedios.com\/futbol\/wp-json\/wp\/v2\/posts\/282929"}],"collection":[{"href":"http:\/\/desarrollo.grupomedios.com\/futbol\/wp-json\/wp\/v2\/posts"}],"about":[{"href":"http:\/\/desarrollo.grupomedios.com\/futbol\/wp-json\/wp\/v2\/types\/post"}],"author":[{"embeddable":true,"href":"http:\/\/desarrollo.grupomedios.com\/futbol\/wp-json\/wp\/v2\/users\/20"}],"replies":[{"embeddable":true,"href":"http:\/\/desarrollo.grupomedios.com\/futbol\/wp-json\/wp\/v2\/comments?post=282929"}],"version-history":[{"count":0,"href":"http:\/\/desarrollo.grupomedios.com\/futbol\/wp-json\/wp\/v2\/posts\/282929\/revisions"}],"wp:featuredmedia":[{"embeddable":true,"href":"http:\/\/desarrollo.grupomedios.com\/futbol\/wp-json\/wp\/v2\/media\/282941"}],"wp:attachment":[{"href":"http:\/\/desarrollo.grupomedios.com\/futbol\/wp-json\/wp\/v2\/media?parent=282929"}],"wp:term":[{"taxonomy":"category","embeddable":true,"href":"http:\/\/desarrollo.grupomedios.com\/futbol\/wp-json\/wp\/v2\/categories?post=282929"},{"taxonomy":"post_tag","embeddable":true,"href":"http:\/\/desarrollo.grupomedios.com\/futbol\/wp-json\/wp\/v2\/tags?post=282929"}],"curies":[{"name":"wp","href":"https:\/\/api.w.org\/{rel}","templated":true}]}}