{"id":282946,"date":"2015-06-05T12:48:58","date_gmt":"2015-06-05T17:48:58","guid":{"rendered":"http:\/\/futboltotal.com.mx\/?p=282946"},"modified":"2015-06-05T12:50:39","modified_gmt":"2015-06-05T17:50:39","slug":"pachuca-desmiente-interes-por-samuel-etoo","status":"publish","type":"post","link":"http:\/\/desarrollo.grupomedios.com\/futbol\/futbol-mexicano\/pachuca-desmiente-interes-por-samuel-etoo\/2015\/06","title":{"rendered":"Pachuca desmiente inter\u00e9s por Samuel Eto&#8217;o"},"content":{"rendered":"<p><a href=\"http:\/\/futboltotal.com.mx\/2015\/06\/pachuca-iria-por-samuel-etoo\/\" target=\"_blank\"><strong>Samuel Eto&#8217;o no jugar\u00e1 en el Pachuca<\/strong>.<\/a> Este viernes el club desminti\u00f3 alg\u00fan inter\u00e9s por el jugador, en voz de su vicepresidente, Andr\u00e9s Fassi.<\/p>\n<p>Luego de que <em>Sky Italia<\/em> se\u00f1al\u00f3 que <a href=\"http:\/\/futboltotal.com.mx\/equipos\/pachuca\/\" target=\"_blank\"><strong>Pachuca<\/strong><\/a> se hab\u00eda\u00a0puesto en contacto con la Sampdoria para preguntar por\u00a0<strong>Samuel Eto&#8217;o,<\/strong> el directivo indic\u00f3 que eso jam\u00e1s existi\u00f3 por lo que todo qued\u00f3 en un rumor.<\/p>\n<p>&#8220;No, totalmente desmentido. No hubo ning\u00fan contacto (con <strong>Samuel Eto&#8217;o<\/strong>)&#8221;, indic\u00f3 Fassi a <em>R\u00e9cord<\/em>, con lo que se cerr\u00f3 una opci\u00f3n para traer a este crack al futbol mexicano.<\/p>\n<p><strong>Samuel Eto\u2019o<\/strong>\u00a0tiene contrato con la Sampdoria hasta la temporada 2017-18, pero en diversas ocasiones de esta campa\u00f1a dio muestras de indisciplina al interior del club por lo que no ser\u00eda raro verlo fuera de la instituci\u00f3n.<\/p>\n<p>El delantero camerun\u00e9s\u00a0jug\u00f3 para equipos como: Real Madrid, Real Mallorca, Barcelona, Inter, Anzhi, Chelsea y Everton.<\/p>\n","protected":false},"excerpt":{"rendered":"<p>Andr\u00e9s Fassi dijo que jam\u00e1s contactaron a la Sampdoria <\/p>\n","protected":false},"author":20,"featured_media":282950,"comment_status":"open","ping_status":"open","sticky":false,"template":"","format":"standard","meta":[],"categories":[2198,3845],"tags":[5354,2116,64,5968,452,1093,1290],"_links":{"self":[{"href":"http:\/\/desarrollo.grupomedios.com\/futbol\/wp-json\/wp\/v2\/posts\/282946"}],"collection":[{"href":"http:\/\/desarrollo.grupomedios.com\/futbol\/wp-json\/wp\/v2\/posts"}],"about":[{"href":"http:\/\/desarrollo.grupomedios.com\/futbol\/wp-json\/wp\/v2\/types\/post"}],"author":[{"embeddable":true,"href":"http:\/\/desarrollo.grupomedios.com\/futbol\/wp-json\/wp\/v2\/users\/20"}],"replies":[{"embeddable":true,"href":"http:\/\/desarrollo.grupomedios.com\/futbol\/wp-json\/wp\/v2\/comments?post=282946"}],"version-history":[{"count":0,"href":"http:\/\/desarrollo.grupomedios.com\/futbol\/wp-json\/wp\/v2\/posts\/282946\/revisions"}],"wp:featuredmedia":[{"embeddable":true,"href":"http:\/\/desarrollo.grupomedios.com\/futbol\/wp-json\/wp\/v2\/media\/282950"}],"wp:attachment":[{"href":"http:\/\/desarrollo.grupomedios.com\/futbol\/wp-json\/wp\/v2\/media?parent=282946"}],"wp:term":[{"taxonomy":"category","embeddable":true,"href":"http:\/\/desarrollo.grupomedios.com\/futbol\/wp-json\/wp\/v2\/categories?post=282946"},{"taxonomy":"post_tag","embeddable":true,"href":"http:\/\/desarrollo.grupomedios.com\/futbol\/wp-json\/wp\/v2\/tags?post=282946"}],"curies":[{"name":"wp","href":"https:\/\/api.w.org\/{rel}","templated":true}]}}