{"id":282953,"date":"2015-06-05T13:07:36","date_gmt":"2015-06-05T18:07:36","guid":{"rendered":"http:\/\/futboltotal.com.mx\/?p=282953"},"modified":"2015-06-05T13:39:57","modified_gmt":"2015-06-05T18:39:57","slug":"leiton-jimenez-mas-cerca-de-queretaro","status":"publish","type":"post","link":"http:\/\/desarrollo.grupomedios.com\/futbol\/futbol-mexicano\/leiton-jimenez-mas-cerca-de-queretaro\/2015\/06","title":{"rendered":"Leiton Jim\u00e9nez, \u00bfm\u00e1s cerca de Quer\u00e9taro?"},"content":{"rendered":"<p>Seg\u00fan trasciende, el defensa colombiano <strong>Leiton Jim\u00e9nez<\/strong>, quien marc\u00f3 seis goles en el pasado torneo de la <strong>Liga MX<\/strong> con el <strong>Veracruz<\/strong>, ya tendr\u00eda un acuerdo con los <em>Gallos Blancos<\/em> del <strong>Quer\u00e9taro<\/strong> rumbo al <strong>Apertura 2015<\/strong>.<\/p>\n<p>No obstante, llama la atenci\u00f3n que <strong>Leiton Jim\u00e9nez<\/strong>, quien lleg\u00f3 al futbol mexicano en 2012 para jugar con los <em>Jaguares<\/em> de Chiapas, no se encontraba en la lista de transferibles que presentaron los <em>Tiburones Rojos<\/em> rumbo al pr\u00f3ximo <strong>R\u00e9gimen de Transferencias<\/strong>.<\/p>\n<p>En ese sentido, se especula que la directiva del <strong>Quer\u00e9taro<\/strong> habr\u00eda abierto la cartera para que el defensa colombiano -naturalizado mexicano- llegu\u00e9 al subcampe\u00f3n de la <strong>Liga MX<\/strong>.<\/p>\n<p><span style=\"color: #ff0000;\"><strong>NIEGAN ACUERDO<\/strong><\/span><\/p>\n<p>Por su parte, Fidel Kuri Mustieles, presidente de <strong>Veracruz<\/strong>, public\u00f3 en su cuenta de Twitter, que <strong>Leiton Jim\u00e9nez<\/strong> se quedar\u00e1 en la entidad veracruzana para la siguiente temporada, ya que considera al futbolista colombiano como uno de los pilares del equipo que dirige Carlos Reinoso.<\/p>\n<blockquote class=\"twitter-tweet\" lang=\"es\">\n<p dir=\"ltr\" lang=\"es\">.<a href=\"https:\/\/twitter.com\/ljimenez_3\">@ljimenez_3<\/a> es un jugador MUY importante para <a href=\"https:\/\/twitter.com\/ClubTiburones\">@ClubTiburones<\/a> como toda nuestra base! Por esa raz\u00f3n se hizo v\u00e1lida la opci\u00f3n de compra!<\/p>\n<p>\u2014 Fidel Kuri Mustieles (@fidel_kuri) <a href=\"https:\/\/twitter.com\/fidel_kuri\/status\/606636714606526464\">junio 5, 2015<\/a><\/p><\/blockquote>\n<p><script src=\"\/\/platform.twitter.com\/widgets.js\" async=\"\" charset=\"utf-8\"><\/script><\/p>\n<p><a href=\"http:\/\/futboltotal.com.mx\/2015\/05\/futbol-de-estufa-apertura-2015\/\"><strong>FUTBOL DE ESTUFA | Liga MX | Rumbo al Apertura 2015 | ALTAS \u2013 BAJAS \u2013 RUMORES<\/strong><\/a><\/p>\n","protected":false},"excerpt":{"rendered":"<p>El defensa colombiano ya tendr\u00eda un acuerdo con Gallos<\/p>\n","protected":false},"author":20,"featured_media":282955,"comment_status":"open","ping_status":"open","sticky":false,"template":"","format":"standard","meta":[],"categories":[2198,3845],"tags":[3749,298,6049],"_links":{"self":[{"href":"http:\/\/desarrollo.grupomedios.com\/futbol\/wp-json\/wp\/v2\/posts\/282953"}],"collection":[{"href":"http:\/\/desarrollo.grupomedios.com\/futbol\/wp-json\/wp\/v2\/posts"}],"about":[{"href":"http:\/\/desarrollo.grupomedios.com\/futbol\/wp-json\/wp\/v2\/types\/post"}],"author":[{"embeddable":true,"href":"http:\/\/desarrollo.grupomedios.com\/futbol\/wp-json\/wp\/v2\/users\/20"}],"replies":[{"embeddable":true,"href":"http:\/\/desarrollo.grupomedios.com\/futbol\/wp-json\/wp\/v2\/comments?post=282953"}],"version-history":[{"count":0,"href":"http:\/\/desarrollo.grupomedios.com\/futbol\/wp-json\/wp\/v2\/posts\/282953\/revisions"}],"wp:featuredmedia":[{"embeddable":true,"href":"http:\/\/desarrollo.grupomedios.com\/futbol\/wp-json\/wp\/v2\/media\/282955"}],"wp:attachment":[{"href":"http:\/\/desarrollo.grupomedios.com\/futbol\/wp-json\/wp\/v2\/media?parent=282953"}],"wp:term":[{"taxonomy":"category","embeddable":true,"href":"http:\/\/desarrollo.grupomedios.com\/futbol\/wp-json\/wp\/v2\/categories?post=282953"},{"taxonomy":"post_tag","embeddable":true,"href":"http:\/\/desarrollo.grupomedios.com\/futbol\/wp-json\/wp\/v2\/tags?post=282953"}],"curies":[{"name":"wp","href":"https:\/\/api.w.org\/{rel}","templated":true}]}}