{"id":282958,"date":"2015-06-05T13:36:32","date_gmt":"2015-06-05T18:36:32","guid":{"rendered":"http:\/\/futboltotal.com.mx\/?p=282958"},"modified":"2015-06-05T13:38:09","modified_gmt":"2015-06-05T18:38:09","slug":"eduardo-herrera-se-queda-en-pumas","status":"publish","type":"post","link":"http:\/\/desarrollo.grupomedios.com\/futbol\/futbol-mexicano\/eduardo-herrera-se-queda-en-pumas\/2015\/06","title":{"rendered":"Eduardo Herrera se queda en Pumas"},"content":{"rendered":"<p>\u00bf<strong>Eduardo Herrera<\/strong> saldr\u00e1 de <strong>Pumas<\/strong>? Seg\u00fan las especulaciones de diversos medios, s\u00ed. Seg\u00fan el paraguayo <strong>Dar\u00edo Ver\u00f3n<\/strong>, el capit\u00e1n del equipo de la <strong>UNAM<\/strong>, no.<\/p>\n<p>&#8220;Justamente habl\u00e9 con el presidente (Jorge Borja Navarrete) y con el t\u00e9cnico (Guillermo V\u00e1zquez) y <em>Lalo<\/em> va a seguir ac\u00e1. No va a salir de <strong>Pumas<\/strong>, es un jugador muy importante para nosotros&#8221;, afirm\u00f3 <strong>Dar\u00edo Ver\u00f3n<\/strong> este viernes en conferencia de prensa.<\/p>\n<p>Las palabras del capit\u00e1n <em>felino<\/em> llegan tras las recias especulaciones sobre la posible salida de <strong>Eduardo Herrera<\/strong>, elemento de la selecci\u00f3n de M\u00e9xico que jugar\u00e1 la Copa Am\u00e9rica y que se asegura es <a href=\"http:\/\/futboltotal.com.mx\/2015\/06\/chivas-busca-amarrar-a-eduardo-herrera\/\">uno de los objetivos de <strong>Chivas<\/strong><\/a> de cara al <strong>Apertura 2015<\/strong>.<\/p>\n<p>\u201cEl t\u00e9cnico quiere mantener al equipo del torneo pasado. Pumas es una instituci\u00f3n que debe de pensar en cosas importantes\u201d, agreg\u00f3 <strong>Dar\u00edo Ver\u00f3n<\/strong>.<\/p>\n<p><strong><a href=\"http:\/\/www.futboltotal.com.mx\/2015\/05\/futbol-de-estufa-apertura-2015\/\">FUTBOL DE ESTUFA | Liga MX | Rumbo al Apertura 2015 | ALTAS \u2013 BAJAS \u2013 RUMORES<\/a><\/strong><\/p>\n","protected":false},"excerpt":{"rendered":"<p>Dar\u00edo Ver\u00f3n asegur\u00f3 que el delantero no saldr\u00e1 del equipo<\/p>\n","protected":false},"author":20,"featured_media":282961,"comment_status":"open","ping_status":"open","sticky":false,"template":"","format":"standard","meta":[],"categories":[2198,3845],"tags":[1140,74],"_links":{"self":[{"href":"http:\/\/desarrollo.grupomedios.com\/futbol\/wp-json\/wp\/v2\/posts\/282958"}],"collection":[{"href":"http:\/\/desarrollo.grupomedios.com\/futbol\/wp-json\/wp\/v2\/posts"}],"about":[{"href":"http:\/\/desarrollo.grupomedios.com\/futbol\/wp-json\/wp\/v2\/types\/post"}],"author":[{"embeddable":true,"href":"http:\/\/desarrollo.grupomedios.com\/futbol\/wp-json\/wp\/v2\/users\/20"}],"replies":[{"embeddable":true,"href":"http:\/\/desarrollo.grupomedios.com\/futbol\/wp-json\/wp\/v2\/comments?post=282958"}],"version-history":[{"count":0,"href":"http:\/\/desarrollo.grupomedios.com\/futbol\/wp-json\/wp\/v2\/posts\/282958\/revisions"}],"wp:featuredmedia":[{"embeddable":true,"href":"http:\/\/desarrollo.grupomedios.com\/futbol\/wp-json\/wp\/v2\/media\/282961"}],"wp:attachment":[{"href":"http:\/\/desarrollo.grupomedios.com\/futbol\/wp-json\/wp\/v2\/media?parent=282958"}],"wp:term":[{"taxonomy":"category","embeddable":true,"href":"http:\/\/desarrollo.grupomedios.com\/futbol\/wp-json\/wp\/v2\/categories?post=282958"},{"taxonomy":"post_tag","embeddable":true,"href":"http:\/\/desarrollo.grupomedios.com\/futbol\/wp-json\/wp\/v2\/tags?post=282958"}],"curies":[{"name":"wp","href":"https:\/\/api.w.org\/{rel}","templated":true}]}}