{"id":283026,"date":"2015-06-05T17:46:20","date_gmt":"2015-06-05T22:46:20","guid":{"rendered":"http:\/\/futboltotal.com.mx\/?p=283026"},"modified":"2015-06-23T13:19:37","modified_gmt":"2015-06-23T18:19:37","slug":"chicharito-convive-con-esteban-gutierrez-y-checo-perez","status":"publish","type":"post","link":"http:\/\/desarrollo.grupomedios.com\/futbol\/cambio-de-juego\/chicharito-convive-con-esteban-gutierrez-y-checo-perez\/2015\/06","title":{"rendered":"Chicharito convive con Esteban Guti\u00e9rrez y Checo P\u00e9rez"},"content":{"rendered":"<p>Como parte de sus vacaciones, <strong><em>Chicharito<\/em> Hern\u00e1ndez<\/strong> visit\u00f3 al piloto de <strong>F\u00f3rmula Uno<\/strong>, <strong>Esteban Guti\u00e9rrez <\/strong>y<strong> Sergio P\u00e9rez<\/strong>, durante las pr\u00e1cticas para el <strong>Gran Premio de Canad\u00e1<\/strong>.<\/p>\n<p>El delantero del Real Madrid estuvo presente mientras la escuder\u00eda de Ferrarri afinaba detalles previos al compromiso en tierras de Norte Am\u00e9rica. Momentos despu\u00e9s, convivi\u00f3 con <strong>Sergio P\u00e9rez<\/strong> del equipo de Force India.<\/p>\n<p>Por medio de <em>Twitter<\/em>, <strong><em>Chicharito <\/em>Hern\u00e1ndez<\/strong> agradeci\u00f3 la tarde que comparti\u00f3 con los pilotos mexicanos.<\/p>\n<p><a href=\"http:\/\/futboltotal.com.mx\/wp-content\/uploads\/2015\/06\/Chicharito-y-esteban-gutierrez.png\"><img decoding=\"async\" loading=\"lazy\" class=\"alignnone size-full wp-image-283027\" src=\"http:\/\/futboltotal.com.mx\/wp-content\/uploads\/2015\/06\/Chicharito-y-esteban-gutierrez.png\" alt=\"Chicharito y esteban gutierrez\" srcset=\"http:\/\/desarrollo.grupomedios.com\/futbol\/wp-content\/uploads\/2015\/06\/Chicharito-y-esteban-gutierrez.png 484w, http:\/\/desarrollo.grupomedios.com\/futbol\/wp-content\/uploads\/2015\/06\/Chicharito-y-esteban-gutierrez-300x280.png 300w\" sizes=\"(max-width: 484px) 100vw, 484px\" \/><\/a> <a href=\"http:\/\/futboltotal.com.mx\/wp-content\/uploads\/2015\/06\/chicharito.png\"><img decoding=\"async\" loading=\"lazy\" class=\"alignnone size-revistasmall wp-image-283028\" src=\"http:\/\/futboltotal.com.mx\/wp-content\/uploads\/2015\/06\/chicharito.png\" alt=\"chicharito\" srcset=\"http:\/\/desarrollo.grupomedios.com\/futbol\/wp-content\/uploads\/2015\/06\/chicharito.png 484w, http:\/\/desarrollo.grupomedios.com\/futbol\/wp-content\/uploads\/2015\/06\/chicharito-300x123.png 300w\" sizes=\"(max-width: 484px) 100vw, 484px\" \/><\/a><\/p>\n","protected":false},"excerpt":{"rendered":"<p>El futbolista visit\u00f3 las pr\u00e1cticas previas al Gran Premio de Canad\u00e1 <\/p>\n","protected":false},"author":20,"featured_media":283031,"comment_status":"open","ping_status":"open","sticky":false,"template":"","format":"standard","meta":[],"categories":[5419],"tags":[5480,120,5493],"_links":{"self":[{"href":"http:\/\/desarrollo.grupomedios.com\/futbol\/wp-json\/wp\/v2\/posts\/283026"}],"collection":[{"href":"http:\/\/desarrollo.grupomedios.com\/futbol\/wp-json\/wp\/v2\/posts"}],"about":[{"href":"http:\/\/desarrollo.grupomedios.com\/futbol\/wp-json\/wp\/v2\/types\/post"}],"author":[{"embeddable":true,"href":"http:\/\/desarrollo.grupomedios.com\/futbol\/wp-json\/wp\/v2\/users\/20"}],"replies":[{"embeddable":true,"href":"http:\/\/desarrollo.grupomedios.com\/futbol\/wp-json\/wp\/v2\/comments?post=283026"}],"version-history":[{"count":0,"href":"http:\/\/desarrollo.grupomedios.com\/futbol\/wp-json\/wp\/v2\/posts\/283026\/revisions"}],"wp:featuredmedia":[{"embeddable":true,"href":"http:\/\/desarrollo.grupomedios.com\/futbol\/wp-json\/wp\/v2\/media\/283031"}],"wp:attachment":[{"href":"http:\/\/desarrollo.grupomedios.com\/futbol\/wp-json\/wp\/v2\/media?parent=283026"}],"wp:term":[{"taxonomy":"category","embeddable":true,"href":"http:\/\/desarrollo.grupomedios.com\/futbol\/wp-json\/wp\/v2\/categories?post=283026"},{"taxonomy":"post_tag","embeddable":true,"href":"http:\/\/desarrollo.grupomedios.com\/futbol\/wp-json\/wp\/v2\/tags?post=283026"}],"curies":[{"name":"wp","href":"https:\/\/api.w.org\/{rel}","templated":true}]}}