{"id":283104,"date":"2015-06-05T22:01:34","date_gmt":"2015-06-06T03:01:34","guid":{"rendered":"http:\/\/futboltotal.com.mx\/?p=283104"},"modified":"2015-06-05T22:01:34","modified_gmt":"2015-06-06T03:01:34","slug":"listos-los-11-de-mexico-vs-brasil","status":"publish","type":"post","link":"http:\/\/desarrollo.grupomedios.com\/futbol\/destacado-home\/listos-los-11-de-mexico-vs-brasil\/2015\/06","title":{"rendered":"Listos los 11 de M\u00e9xico vs Brasil"},"content":{"rendered":"<p>Como es costumbre en el t\u00e9cnico de la <a href=\"http:\/\/futboltotal.com.mx\/futbol-mexicano\/seleccion-mexicana\/\" target=\"_blank\"><strong>Selecci\u00f3n Mexicana<\/strong><\/a>, <strong>Miguel Herrera<\/strong>, dio a conocer el 11 que utilizar\u00e1 para el partido contra <strong>Brasil<\/strong>.<\/p>\n<p>El <em>Tri <\/em>\u00a0lucir\u00e1 con Jes\u00fas Corona en la porter\u00eda, adem\u00e1s estar\u00e1n George Corral, Hugo Ayala, Rafael M\u00e1rquez, Julio C\u00e9sar Dom\u00ednguez, Adri\u00e1n Aldrete, Mario Osuna, Javier G\u00fc\u00e9mez, Jes\u00fas <em>Tecatito<\/em> Corona, Eduardo Herrera y Ra\u00fal Jim\u00e9nez.<\/p>\n<p><strong>M\u00e9xico<\/strong> se enfrentar\u00e1 al <em>Scratch<\/em> el pr\u00f3ximo domingo en el Allianz Parque de Sao Paulo, en punto de las 15:00 (horas tiempo centro del pa\u00eds). Este cotejo servir\u00e1 como la \u00faltima pr\u00e1ctica de los pupilos del <em>Piojo <\/em>Herrera que debutar\u00e1n el 12 de junio en la Copa Am\u00e9rica frente a Bolivia.<\/p>\n","protected":false},"excerpt":{"rendered":"<p>Miguel Herrera dio a conocer el plantel titular que usar\u00e1 el domingo <\/p>\n","protected":false},"author":20,"featured_media":283105,"comment_status":"open","ping_status":"open","sticky":false,"template":"","format":"standard","meta":[],"categories":[5,2198,3847],"tags":[6009,2130,5979],"_links":{"self":[{"href":"http:\/\/desarrollo.grupomedios.com\/futbol\/wp-json\/wp\/v2\/posts\/283104"}],"collection":[{"href":"http:\/\/desarrollo.grupomedios.com\/futbol\/wp-json\/wp\/v2\/posts"}],"about":[{"href":"http:\/\/desarrollo.grupomedios.com\/futbol\/wp-json\/wp\/v2\/types\/post"}],"author":[{"embeddable":true,"href":"http:\/\/desarrollo.grupomedios.com\/futbol\/wp-json\/wp\/v2\/users\/20"}],"replies":[{"embeddable":true,"href":"http:\/\/desarrollo.grupomedios.com\/futbol\/wp-json\/wp\/v2\/comments?post=283104"}],"version-history":[{"count":0,"href":"http:\/\/desarrollo.grupomedios.com\/futbol\/wp-json\/wp\/v2\/posts\/283104\/revisions"}],"wp:featuredmedia":[{"embeddable":true,"href":"http:\/\/desarrollo.grupomedios.com\/futbol\/wp-json\/wp\/v2\/media\/283105"}],"wp:attachment":[{"href":"http:\/\/desarrollo.grupomedios.com\/futbol\/wp-json\/wp\/v2\/media?parent=283104"}],"wp:term":[{"taxonomy":"category","embeddable":true,"href":"http:\/\/desarrollo.grupomedios.com\/futbol\/wp-json\/wp\/v2\/categories?post=283104"},{"taxonomy":"post_tag","embeddable":true,"href":"http:\/\/desarrollo.grupomedios.com\/futbol\/wp-json\/wp\/v2\/tags?post=283104"}],"curies":[{"name":"wp","href":"https:\/\/api.w.org\/{rel}","templated":true}]}}