{"id":283400,"date":"2015-06-06T22:20:05","date_gmt":"2015-06-07T03:20:05","guid":{"rendered":"http:\/\/futboltotal.com.mx\/?p=283400"},"modified":"2015-06-08T02:06:00","modified_gmt":"2015-06-08T07:06:00","slug":"inicia-mundial-femenil-con-victoria-de-canada","status":"publish","type":"post","link":"http:\/\/desarrollo.grupomedios.com\/futbol\/futbol-internacional\/inicia-mundial-femenil-con-victoria-de-canada\/2015\/06","title":{"rendered":"Inicia Mundial Femenil con victoria de Canad\u00e1"},"content":{"rendered":"<p>El <strong>Mundial Femenil Canad\u00e1 2015\u00a0<\/strong>comenz\u00f3 este 6 de junio con la actividad del grupo A, en el que las anfitrionas ganaron el juego inaugural en el Commonwealth Stadium.<\/p>\n<p>En el primer partido, <strong>Canad\u00e1<\/strong> se impuso por la m\u00ednima diferencia ante la selecci\u00f3n de China. El gol lo hizo Christine Sinclair, por la v\u00eda penal.<\/p>\n<p>Mientras tanto, en el partido entre Nueva Zelanda y Holanda, las representantes de la <em>Naranja Mec\u00e1nica<\/em> se impusieron tambi\u00e9n por uno a cero, con anotaci\u00f3n de la delantera, Lieke Martens.<\/p>\n<p>Sigue los <a href=\"http:\/\/www.futboltotal.com.mx\/2015\/06\/guia-mundial-femenil-canada-2015\/\" target=\"_blank\">partidos m\u00e1s destacados<\/a> del <strong>Mundial Femenil<\/strong>, por <strong>Futbol Total<\/strong>.<\/p>\n","protected":false},"excerpt":{"rendered":"<p>En el otro partido de la jornada, Holanda venci\u00f3 a Nueva Zelanda<\/p>\n","protected":false},"author":20,"featured_media":283402,"comment_status":"open","ping_status":"open","sticky":false,"template":"","format":"standard","meta":[],"categories":[3839],"tags":[4501],"_links":{"self":[{"href":"http:\/\/desarrollo.grupomedios.com\/futbol\/wp-json\/wp\/v2\/posts\/283400"}],"collection":[{"href":"http:\/\/desarrollo.grupomedios.com\/futbol\/wp-json\/wp\/v2\/posts"}],"about":[{"href":"http:\/\/desarrollo.grupomedios.com\/futbol\/wp-json\/wp\/v2\/types\/post"}],"author":[{"embeddable":true,"href":"http:\/\/desarrollo.grupomedios.com\/futbol\/wp-json\/wp\/v2\/users\/20"}],"replies":[{"embeddable":true,"href":"http:\/\/desarrollo.grupomedios.com\/futbol\/wp-json\/wp\/v2\/comments?post=283400"}],"version-history":[{"count":0,"href":"http:\/\/desarrollo.grupomedios.com\/futbol\/wp-json\/wp\/v2\/posts\/283400\/revisions"}],"wp:featuredmedia":[{"embeddable":true,"href":"http:\/\/desarrollo.grupomedios.com\/futbol\/wp-json\/wp\/v2\/media\/283402"}],"wp:attachment":[{"href":"http:\/\/desarrollo.grupomedios.com\/futbol\/wp-json\/wp\/v2\/media?parent=283400"}],"wp:term":[{"taxonomy":"category","embeddable":true,"href":"http:\/\/desarrollo.grupomedios.com\/futbol\/wp-json\/wp\/v2\/categories?post=283400"},{"taxonomy":"post_tag","embeddable":true,"href":"http:\/\/desarrollo.grupomedios.com\/futbol\/wp-json\/wp\/v2\/tags?post=283400"}],"curies":[{"name":"wp","href":"https:\/\/api.w.org\/{rel}","templated":true}]}}