{"id":283446,"date":"2015-06-07T12:32:12","date_gmt":"2015-06-07T17:32:12","guid":{"rendered":"http:\/\/futboltotal.com.mx\/?p=283446"},"modified":"2015-07-20T13:22:38","modified_gmt":"2015-07-20T18:22:38","slug":"chicharito-cambia-el-futbol-por-el-automovilismo","status":"publish","type":"post","link":"http:\/\/desarrollo.grupomedios.com\/futbol\/destacado-home\/chicharito-cambia-el-futbol-por-el-automovilismo\/2015\/06","title":{"rendered":"Chicharito cambia el futbol por el automovilismo"},"content":{"rendered":"<p>\u00a1C\u00f3mo sufre <strong>Chicharito<\/strong>! El atacante mexicano se encuentra disfrutando de lo lindo de sus vacaciones y por esa raz\u00f3n no dud\u00f3 en aprovechar de su tiempo libre para visitar a su amigo Sergio P\u00e9rez y de paso subirse a un monoplaza de <strong>F\u00f3rmula Uno<\/strong> antes del GP de C\u00e1nada.<\/p>\n<p>La escuder\u00eda de <em>Checo<\/em>, Force India, comparti\u00f3 una imagen en su Twitter en donde se aprecia al Chicharito en el auto que conduce P\u00e9rez y Nico Hulkenberg.<\/p>\n<p>&#8220;\u00bfUna idea para un asiento en 2016, tal vez? Chicharito, nuestro invitado en este fin de semana, se ve a gusto en el VJM08&#8221;, se\u00f1ala el tuit de la escuder\u00eda.<\/p>\n<blockquote class=\"twitter-tweet\" lang=\"es\">\n<p dir=\"ltr\" lang=\"en\">An idea for a seat in 2016, perhaps? <a href=\"https:\/\/twitter.com\/CH14_\">@CH14_<\/a>, our welcome guest this weekend, looks at ease in the VJM08! <a href=\"https:\/\/twitter.com\/hashtag\/SFIFamily?src=hash\">#SFIFamily<\/a> <a href=\"http:\/\/t.co\/3tHsY0HwpT\">pic.twitter.com\/3tHsY0HwpT<\/a><\/p>\n<p>\u2014 Sahara Force India (@ForceIndiaF1) <a href=\"https:\/\/twitter.com\/ForceIndiaF1\/status\/607589483589083136\">junio 7, 2015<\/a><\/p><\/blockquote>\n<p><script src=\"\/\/platform.twitter.com\/widgets.js\" async=\"\" charset=\"utf-8\"><\/script>Hay que recordar que <a href=\"http:\/\/http:\/\/futboltotal.com.mx\/2015\/06\/chicharito-convive-con-esteban-gutierrez-y-checo-perez\/\">en d\u00edas anteriores tambi\u00e9n convivi\u00f3 con su compatriota Esteb\u00e1n Guti\u00e9rrez<\/a>, adem\u00e1s, su novia Luc\u00eda Villal\u00f3n es una reportera que se dedica a cubrir la F\u00f3rmula Uno, por lo que <strong>Chicharito<\/strong> tambi\u00e9n se ha hecho un fan\u00e1tico asiduo del deporte motor.<\/p>\n<blockquote class=\"twitter-tweet\" lang=\"es\"><p>\nGracias amigo <a href=\"https:\/\/twitter.com\/CH14_\">@CH14_<\/a> por venir a apoyarme. Viva M\u00e9xico!!! \u26bd\ufe0f y no se pierdan toda la cobertura en <a href=\"https:\/\/twitter.com\/ChecoPerezNews\">@ChecoPerezNews<\/a> <a href=\"http:\/\/t.co\/ZUgouFQYB7\">pic.twitter.com\/ZUgouFQYB7<\/a><\/p>\n<p>\u2014 Sergio P\u00e9rez (@SChecoPerez) <a href=\"https:\/\/twitter.com\/SChecoPerez\/status\/607599997425582081\">junio 7, 2015<\/a>\n<\/p><\/blockquote>\n<p><script src=\"\/\/platform.twitter.com\/widgets.js\" async=\"\" charset=\"utf-8\"><\/script><\/p>\n","protected":false},"excerpt":{"rendered":"<p>El atacante mexicano se divierte durante su periodo de vacaciones <\/p>\n","protected":false},"author":20,"featured_media":283447,"comment_status":"open","ping_status":"open","sticky":false,"template":"","format":"standard","meta":[],"categories":[5810,5419,5,5418],"tags":[120,5493],"_links":{"self":[{"href":"http:\/\/desarrollo.grupomedios.com\/futbol\/wp-json\/wp\/v2\/posts\/283446"}],"collection":[{"href":"http:\/\/desarrollo.grupomedios.com\/futbol\/wp-json\/wp\/v2\/posts"}],"about":[{"href":"http:\/\/desarrollo.grupomedios.com\/futbol\/wp-json\/wp\/v2\/types\/post"}],"author":[{"embeddable":true,"href":"http:\/\/desarrollo.grupomedios.com\/futbol\/wp-json\/wp\/v2\/users\/20"}],"replies":[{"embeddable":true,"href":"http:\/\/desarrollo.grupomedios.com\/futbol\/wp-json\/wp\/v2\/comments?post=283446"}],"version-history":[{"count":0,"href":"http:\/\/desarrollo.grupomedios.com\/futbol\/wp-json\/wp\/v2\/posts\/283446\/revisions"}],"wp:featuredmedia":[{"embeddable":true,"href":"http:\/\/desarrollo.grupomedios.com\/futbol\/wp-json\/wp\/v2\/media\/283447"}],"wp:attachment":[{"href":"http:\/\/desarrollo.grupomedios.com\/futbol\/wp-json\/wp\/v2\/media?parent=283446"}],"wp:term":[{"taxonomy":"category","embeddable":true,"href":"http:\/\/desarrollo.grupomedios.com\/futbol\/wp-json\/wp\/v2\/categories?post=283446"},{"taxonomy":"post_tag","embeddable":true,"href":"http:\/\/desarrollo.grupomedios.com\/futbol\/wp-json\/wp\/v2\/tags?post=283446"}],"curies":[{"name":"wp","href":"https:\/\/api.w.org\/{rel}","templated":true}]}}