{"id":283454,"date":"2015-06-07T13:33:18","date_gmt":"2015-06-07T18:33:18","guid":{"rendered":"http:\/\/futboltotal.com.mx\/?p=283454"},"modified":"2015-06-07T13:33:18","modified_gmt":"2015-06-07T18:33:18","slug":"dani-alves-cambiaria-barcelona-por-el-milan","status":"publish","type":"post","link":"http:\/\/desarrollo.grupomedios.com\/futbol\/uncategorized\/dani-alves-cambiaria-barcelona-por-el-milan\/2015\/06","title":{"rendered":"Dani Alves cambiar\u00eda Barcelona por el Milan"},"content":{"rendered":"<p>Tras haber obtenido su segundo triplete como jugador del <strong>Barcelona<\/strong> y su t\u00edtulo n\u00famero 27 como profesional, el brasile\u00f1o, <strong>Dani Alves<\/strong> asegur\u00f3 que \u00a0le gustar\u00eda seguir formando parte del cuadro catal\u00e1n. Pese a ello,\u00a0no descarta jugar en alg\u00fan club italiano tras no recibir las ofertas deseadas por el club blaugrana para acordar una renovaci\u00f3n.<\/p>\n<p>\u201cEn Italia hay grand\u00edsimos equipos, hay posibilidades que vaya all\u00ed y valoraremos lo que tendremos a disposici\u00f3n&#8221;, mencion\u00f3 <strong>Alves<\/strong> en entrevista para\u00a0<em>Mediaset<\/em>.<em><br \/>\n<\/em><\/p>\n<p>Ante el acuerdo del Barcelona por anunciarse este lunes con\u00a0<a href=\"http:\/\/Si%20se concreta el traspaso del brasile\u00f1o al Mil\u00e1n, Alves dir\u00eda adi\u00f3s al futbol ib\u00e9rico con cinco copas con el club Sevilla. Mientras que con los cul\u00e9s obtuvo cinco Ligas, tres Copas del Rey, cuatro Supercopas de Espa\u00f1a, tres Ligas de Campeones, dos Supercopas de Europa y dos Mundiales de clubes.\"><strong>Aleix Vidal<\/strong> y el<strong> Sevilla<\/strong><\/a>, el lateral azulgrana podr\u00eda culminar su estancia en <strong>Espa\u00f1a<\/strong> y concretar su pase en la siguiente temporada a alg\u00fan club del <em>Calcio<\/em> italiano.\u00a0<a href=\"http:\/\/http:\/\/futboltotal.com.mx\/2015\/06\/dani-alves-y-zlatan-ibrahimovic-podrian-jugar-con-el-milan\/\"><strong>Dani<\/strong>\u00a0<strong>Alves<\/strong>\u00a0tendr\u00eda cabida en el nuevo conjunto del <strong>Mil\u00e1n<\/strong> quienes buscan armar un cuadro competitivo<\/a> con miras\u00a0a la pr\u00f3xima temporada.\u00a0&#8220;Jugar con los rossoneri ser\u00eda un placer&#8221;, se\u00f1al\u00f3\u00a0el brasile\u00f1o.<\/p>\n<p>Si se concreta el traspaso del brasile\u00f1o al <strong>Mil\u00e1n<\/strong>, Alves dir\u00eda adi\u00f3s al futbol ib\u00e9rico con cinco copas con el club Sevilla<strong>. <\/strong>Mientras que con los cul\u00e9s obtuvo cinco Ligas, tres Copas del Rey, cuatro Supercopas de Espa\u00f1a, tres Ligas de Campeones, dos Supercopas de Europa y dos Mundiales de Clubes<strong>.<\/strong><\/p>\n","protected":false},"excerpt":{"rendered":"<p>Tras la llegada de Aleix Vidal, el brasile\u00f1o dejar\u00eda al ganador del triplete<\/p>\n","protected":false},"author":20,"featured_media":283460,"comment_status":"open","ping_status":"open","sticky":false,"template":"","format":"standard","meta":[],"categories":[3839,3844,3848,1],"tags":[5983,242],"_links":{"self":[{"href":"http:\/\/desarrollo.grupomedios.com\/futbol\/wp-json\/wp\/v2\/posts\/283454"}],"collection":[{"href":"http:\/\/desarrollo.grupomedios.com\/futbol\/wp-json\/wp\/v2\/posts"}],"about":[{"href":"http:\/\/desarrollo.grupomedios.com\/futbol\/wp-json\/wp\/v2\/types\/post"}],"author":[{"embeddable":true,"href":"http:\/\/desarrollo.grupomedios.com\/futbol\/wp-json\/wp\/v2\/users\/20"}],"replies":[{"embeddable":true,"href":"http:\/\/desarrollo.grupomedios.com\/futbol\/wp-json\/wp\/v2\/comments?post=283454"}],"version-history":[{"count":0,"href":"http:\/\/desarrollo.grupomedios.com\/futbol\/wp-json\/wp\/v2\/posts\/283454\/revisions"}],"wp:featuredmedia":[{"embeddable":true,"href":"http:\/\/desarrollo.grupomedios.com\/futbol\/wp-json\/wp\/v2\/media\/283460"}],"wp:attachment":[{"href":"http:\/\/desarrollo.grupomedios.com\/futbol\/wp-json\/wp\/v2\/media?parent=283454"}],"wp:term":[{"taxonomy":"category","embeddable":true,"href":"http:\/\/desarrollo.grupomedios.com\/futbol\/wp-json\/wp\/v2\/categories?post=283454"},{"taxonomy":"post_tag","embeddable":true,"href":"http:\/\/desarrollo.grupomedios.com\/futbol\/wp-json\/wp\/v2\/tags?post=283454"}],"curies":[{"name":"wp","href":"https:\/\/api.w.org\/{rel}","templated":true}]}}