{"id":283546,"date":"2015-06-07T16:17:08","date_gmt":"2015-06-07T21:17:08","guid":{"rendered":"http:\/\/futboltotal.com.mx\/?p=283546"},"modified":"2015-06-07T16:17:51","modified_gmt":"2015-06-07T21:17:51","slug":"perdonan-penal-a-brasil-sobre-mexico","status":"publish","type":"post","link":"http:\/\/desarrollo.grupomedios.com\/futbol\/videos\/perdonan-penal-a-brasil-sobre-mexico\/2015\/06","title":{"rendered":"Perdonan penal a Brasil sobre M\u00e9xico"},"content":{"rendered":"<p>Al minuto 32 del juego amistoso entre <strong>Brasil<\/strong> y <strong>M\u00e9xico<\/strong>, Fred derrib\u00f3 a <strong>George Corral<\/strong> dentro del \u00e1rea. Sin embargo, el \u00e1rbitro paraguayo C\u00e9sar Quintana dej\u00f3 seguir la jugada y no marc\u00f3 el <strong>claro penal<\/strong> sobre el jugador mexicano.<\/p>\n<p><iframe loading=\"lazy\" src=\"https:\/\/vine.co\/v\/eM0rlOiurX6\/embed\/simple\" frameborder=\"0\"><\/iframe><\/p>\n<p><script src=\"https:\/\/platform.vine.co\/static\/scripts\/embed.js\"><\/script>Tras la pol\u00e9mica acci\u00f3n durante el duelo de preparaci\u00f3n de la <strong>Selecci\u00f3n Mexicana<\/strong> rumbo a la Copa Am\u00e9rica, <strong>Marco Rodriguez<\/strong>, ex\u00e1rbitro mexicano, apunt\u00f3 a trav\u00e9s de su cuenta de Twitter, que <strong>Cesar Quintana<\/strong> tuvo &#8220;un error arbitral al no marcar el penal a favor de M\u00e9xico,\u00a0influyendo en el marcador&#8221;.\u00a0<\/p>\n<blockquote class=\"twitter-tweet\" lang=\"es\">\n<p>Penal con un defensa ya superado <a href=\"https:\/\/twitter.com\/hashtag\/Chiquimarquea?src=hash\">#Chiquimarquea<\/a> \u2014 Marco A. Rodr\u00edguez (@ChiquimarcoMx) <a href=\"https:\/\/twitter.com\/ChiquimarcoMx\/status\/607647594366377985\">junio 7, 2015<\/a><\/p>\n<\/blockquote>\n<p><script src=\"\/\/platform.twitter.com\/widgets.js\" async=\"\" charset=\"utf-8\"><\/script><\/p>\n","protected":false},"excerpt":{"rendered":"<p>Fred derrib\u00f3 a George Corral dentro del \u00e1rea; sin embargo, el \u00e1rbitro dej\u00f3 seguir la jugada<\/p>\n","protected":false},"author":20,"featured_media":283551,"comment_status":"open","ping_status":"open","sticky":false,"template":"","format":"standard","meta":[],"categories":[4],"tags":[6009,2130,65],"_links":{"self":[{"href":"http:\/\/desarrollo.grupomedios.com\/futbol\/wp-json\/wp\/v2\/posts\/283546"}],"collection":[{"href":"http:\/\/desarrollo.grupomedios.com\/futbol\/wp-json\/wp\/v2\/posts"}],"about":[{"href":"http:\/\/desarrollo.grupomedios.com\/futbol\/wp-json\/wp\/v2\/types\/post"}],"author":[{"embeddable":true,"href":"http:\/\/desarrollo.grupomedios.com\/futbol\/wp-json\/wp\/v2\/users\/20"}],"replies":[{"embeddable":true,"href":"http:\/\/desarrollo.grupomedios.com\/futbol\/wp-json\/wp\/v2\/comments?post=283546"}],"version-history":[{"count":0,"href":"http:\/\/desarrollo.grupomedios.com\/futbol\/wp-json\/wp\/v2\/posts\/283546\/revisions"}],"wp:featuredmedia":[{"embeddable":true,"href":"http:\/\/desarrollo.grupomedios.com\/futbol\/wp-json\/wp\/v2\/media\/283551"}],"wp:attachment":[{"href":"http:\/\/desarrollo.grupomedios.com\/futbol\/wp-json\/wp\/v2\/media?parent=283546"}],"wp:term":[{"taxonomy":"category","embeddable":true,"href":"http:\/\/desarrollo.grupomedios.com\/futbol\/wp-json\/wp\/v2\/categories?post=283546"},{"taxonomy":"post_tag","embeddable":true,"href":"http:\/\/desarrollo.grupomedios.com\/futbol\/wp-json\/wp\/v2\/tags?post=283546"}],"curies":[{"name":"wp","href":"https:\/\/api.w.org\/{rel}","templated":true}]}}