{"id":283588,"date":"2015-06-07T18:01:49","date_gmt":"2015-06-07T23:01:49","guid":{"rendered":"http:\/\/futboltotal.com.mx\/?p=283588"},"modified":"2015-06-07T18:01:49","modified_gmt":"2015-06-07T23:01:49","slug":"pumas-y-atlas-planean-trueque-para-el-draft","status":"publish","type":"post","link":"http:\/\/desarrollo.grupomedios.com\/futbol\/futbol-mexicano\/pumas-y-atlas-planean-trueque-para-el-draft\/2015\/06","title":{"rendered":"Pumas y Atlas planean trueque para el Draft"},"content":{"rendered":"<p>En d\u00edas anteriores, el t\u00e9cnico de <a href=\"http:\/\/futboltotal.com.mx\/equipos\/unam\/\" target=\"_blank\"><strong>Pumas<\/strong><\/a>, Guillermo V\u00e1zquez se\u00f1al\u00f3 que contemplaban la llegada de uno o dos refuerzos m\u00e1s; con el <strong>Draft<\/strong> a la vuelta de la esquina, el cuadro de la UNAM planear\u00eda un trueque con <a href=\"http:\/\/futboltotal.com.mx\/equipos\/atlas\/\" target=\"_blank\"><strong>Atlas<\/strong> <\/a>al que le ceder\u00eda los derechos de <strong>Mat\u00edas Britos<\/strong> y a la vez se har\u00eda de los servicios del defensa <strong>Luis Venegas<\/strong>.<\/p>\n<p>Aunque cerr\u00f3 el Clausura 2015 con cuatro anotaciones, el paso del delantero uruguayo por el conjunto <em>felino<\/em> no fue el esperado por la directiva, porque incluso el jugador perdi\u00f3 la titularidad por lapsos del torneo aunado a\u00a0que caus\u00f3 baja por lesi\u00f3n por un mes.<\/p>\n<p>Por otra parte, <strong>Luis Venegas<\/strong> fue uno de los hombres m\u00e1s importantes en la zaga del <strong>Atlas<\/strong>, en la que se erigi\u00f3 como indiscutible.<\/p>\n<p>Tanto <strong>Pumas<\/strong> como <em>Zorros<\/em> a penas se encuentran en pl\u00e1ticas para definir si se lleva a cabo el trato en el r\u00e9gimen de transferencias que se celebrar\u00e1 del 8 al 11 de junio en Canc\u00fan.<\/p>\n<p><strong><a href=\"http:\/\/futboltotal.com.mx\/2015\/06\/futbol-de-estufa-apertura-2015\/\" target=\"_blank\">FUTBOL DE ESTUFA | Liga MX | Rumbo al Apertura 2015 | ALTAS \u2013 BAJAS \u2013 RUMORES<\/a><\/strong><\/p>\n","protected":false},"excerpt":{"rendered":"<p>Los equipos intercambiar\u00edan a Mat\u00edas Britos y Luis Venegas <\/p>\n","protected":false},"author":20,"featured_media":283589,"comment_status":"open","ping_status":"open","sticky":false,"template":"","format":"standard","meta":[],"categories":[2198,3845],"tags":[5961,3749,436,74],"_links":{"self":[{"href":"http:\/\/desarrollo.grupomedios.com\/futbol\/wp-json\/wp\/v2\/posts\/283588"}],"collection":[{"href":"http:\/\/desarrollo.grupomedios.com\/futbol\/wp-json\/wp\/v2\/posts"}],"about":[{"href":"http:\/\/desarrollo.grupomedios.com\/futbol\/wp-json\/wp\/v2\/types\/post"}],"author":[{"embeddable":true,"href":"http:\/\/desarrollo.grupomedios.com\/futbol\/wp-json\/wp\/v2\/users\/20"}],"replies":[{"embeddable":true,"href":"http:\/\/desarrollo.grupomedios.com\/futbol\/wp-json\/wp\/v2\/comments?post=283588"}],"version-history":[{"count":0,"href":"http:\/\/desarrollo.grupomedios.com\/futbol\/wp-json\/wp\/v2\/posts\/283588\/revisions"}],"wp:featuredmedia":[{"embeddable":true,"href":"http:\/\/desarrollo.grupomedios.com\/futbol\/wp-json\/wp\/v2\/media\/283589"}],"wp:attachment":[{"href":"http:\/\/desarrollo.grupomedios.com\/futbol\/wp-json\/wp\/v2\/media?parent=283588"}],"wp:term":[{"taxonomy":"category","embeddable":true,"href":"http:\/\/desarrollo.grupomedios.com\/futbol\/wp-json\/wp\/v2\/categories?post=283588"},{"taxonomy":"post_tag","embeddable":true,"href":"http:\/\/desarrollo.grupomedios.com\/futbol\/wp-json\/wp\/v2\/tags?post=283588"}],"curies":[{"name":"wp","href":"https:\/\/api.w.org\/{rel}","templated":true}]}}