{"id":283597,"date":"2015-06-07T18:43:47","date_gmt":"2015-06-07T23:43:47","guid":{"rendered":"http:\/\/futboltotal.com.mx\/?p=283597"},"modified":"2015-06-07T18:43:47","modified_gmt":"2015-06-07T23:43:47","slug":"jesus-corona-acepta-que-regalo-el-primer-gol-a-brasil","status":"publish","type":"post","link":"http:\/\/desarrollo.grupomedios.com\/futbol\/futbol-mexicano\/jesus-corona-acepta-que-regalo-el-primer-gol-a-brasil\/2015\/06","title":{"rendered":"Jes\u00fas Corona acepta que regal\u00f3 el primer gol a Brasil"},"content":{"rendered":"<p>El portero de la <a href=\"http:\/\/www.futboltotal.com.mx\/futbol-mexicano\/seleccion-mexicana\/\" target=\"_blank\"><strong>Selecci\u00f3n Mexicana<\/strong><\/a>, admiti\u00f3 que cometi\u00f3 un error en la jugada que propici\u00f3 el primer gol del encuentro amistoso que tuvieron contra <strong>Brasil<\/strong>.<\/p>\n<p>En la jugada, <strong>Jes\u00fas Corona<\/strong> quiso anticipar la jugada de <strong>Coutinho<\/strong>, quien se acercaba al \u00e1rea chica del guardameta; pero <a href=\"http:\/\/www.futboltotal.com.mx\/2015\/06\/error-de-corona-en-el-primer-gol-de-brasil\/\" target=\"_blank\">su plan sali\u00f3 mal, y el brasile\u00f1o anot\u00f3<\/a>.<\/p>\n<p>&#8220;Sin problema lo asumo (el error). Por querer hacer de m\u00e1s y tratar de intuir una jugada, no debes descuidar tu palo. No me sali\u00f3, y lamentablemente no pude evitar el gol&#8221;.<\/p>\n","protected":false},"excerpt":{"rendered":"<p>El cancerbero asumi\u00f3 su error tras concluir el partido en el Allianz Parque<\/p>\n","protected":false},"author":20,"featured_media":283600,"comment_status":"open","ping_status":"open","sticky":false,"template":"","format":"standard","meta":[],"categories":[2198,3847],"tags":[1610,6009,2130,65],"_links":{"self":[{"href":"http:\/\/desarrollo.grupomedios.com\/futbol\/wp-json\/wp\/v2\/posts\/283597"}],"collection":[{"href":"http:\/\/desarrollo.grupomedios.com\/futbol\/wp-json\/wp\/v2\/posts"}],"about":[{"href":"http:\/\/desarrollo.grupomedios.com\/futbol\/wp-json\/wp\/v2\/types\/post"}],"author":[{"embeddable":true,"href":"http:\/\/desarrollo.grupomedios.com\/futbol\/wp-json\/wp\/v2\/users\/20"}],"replies":[{"embeddable":true,"href":"http:\/\/desarrollo.grupomedios.com\/futbol\/wp-json\/wp\/v2\/comments?post=283597"}],"version-history":[{"count":0,"href":"http:\/\/desarrollo.grupomedios.com\/futbol\/wp-json\/wp\/v2\/posts\/283597\/revisions"}],"wp:featuredmedia":[{"embeddable":true,"href":"http:\/\/desarrollo.grupomedios.com\/futbol\/wp-json\/wp\/v2\/media\/283600"}],"wp:attachment":[{"href":"http:\/\/desarrollo.grupomedios.com\/futbol\/wp-json\/wp\/v2\/media?parent=283597"}],"wp:term":[{"taxonomy":"category","embeddable":true,"href":"http:\/\/desarrollo.grupomedios.com\/futbol\/wp-json\/wp\/v2\/categories?post=283597"},{"taxonomy":"post_tag","embeddable":true,"href":"http:\/\/desarrollo.grupomedios.com\/futbol\/wp-json\/wp\/v2\/tags?post=283597"}],"curies":[{"name":"wp","href":"https:\/\/api.w.org\/{rel}","templated":true}]}}