{"id":283604,"date":"2015-06-07T18:57:03","date_gmt":"2015-06-07T23:57:03","guid":{"rendered":"http:\/\/futboltotal.com.mx\/?p=283604"},"modified":"2015-06-07T18:57:03","modified_gmt":"2015-06-07T23:57:03","slug":"cruz-azul-tendria-amarrado-a-dos-refuerzos","status":"publish","type":"post","link":"http:\/\/desarrollo.grupomedios.com\/futbol\/futbol-mexicano\/cruz-azul-tendria-amarrado-a-dos-refuerzos\/2015\/06","title":{"rendered":"Cruz Azul tendr\u00eda amarrado a dos refuerzos"},"content":{"rendered":"<p>Luego del fracaso que signific\u00f3 quedarse por segunda ocasi\u00f3n sin Liguilla, en <a href=\"http:\/\/futboltotal.com.mx\/equipos\/cruz-azul\/\" target=\"_blank\"><strong>Cruz Azul<\/strong><\/a> hicieron limpia en el plantel, pues de los refuerzos que llegaron para el Clausura 2015, solo se qued\u00f3\u00a0Roque Santa Cruz. Por si fuera poco, la <em>M\u00e1quina<\/em> ya tendr\u00eda a sus dos primeras contrataciones: <strong>Lucas Silva<\/strong> y <strong>Richard Ru\u00edz<\/strong>.<\/p>\n<p>Por una parte, Ru\u00edz llega de consolidarse en el mediocampo de Xolos; ah\u00ed jug\u00f3 en 16 de los 7 encuentros del pasado torneo adem\u00e1s hizo un gol.<\/p>\n<p>Mientras que <strong>Lucas Silva<\/strong> tuvo desempe\u00f1o m\u00e1s discreto en el Monterrey, pues no se gan\u00f3 la titularidad lo que tuvo como consecuencia que solo sumara 507 minutos en 13 compromisos de liga.<\/p>\n<p>Ser\u00eda durante el <strong>Draft<\/strong> (del 8 al 11 de junio) que se hagan oficiales estas contrataciones del <strong>Cruz Azul<\/strong>, seg\u00fan inform\u00f3 <em>Fox Sport<\/em>.<\/p>\n<p><strong><a href=\"http:\/\/futboltotal.com.mx\/2015\/06\/futbol-de-estufa-apertura-2015\/\">FUTBOL DE ESTUFA | Liga MX | Rumbo al Apertura 2015 | ALTAS \u2013 BAJAS \u2013 RUMORES<\/a><\/strong><\/p>\n","protected":false},"excerpt":{"rendered":"<p>Lucas Silva y Richard Ru\u00edz llegar\u00edan a la Noria <\/p>\n","protected":false},"author":20,"featured_media":283605,"comment_status":"open","ping_status":"open","sticky":false,"template":"","format":"standard","meta":[],"categories":[2198,3845],"tags":[5962,3749,5966,1673],"_links":{"self":[{"href":"http:\/\/desarrollo.grupomedios.com\/futbol\/wp-json\/wp\/v2\/posts\/283604"}],"collection":[{"href":"http:\/\/desarrollo.grupomedios.com\/futbol\/wp-json\/wp\/v2\/posts"}],"about":[{"href":"http:\/\/desarrollo.grupomedios.com\/futbol\/wp-json\/wp\/v2\/types\/post"}],"author":[{"embeddable":true,"href":"http:\/\/desarrollo.grupomedios.com\/futbol\/wp-json\/wp\/v2\/users\/20"}],"replies":[{"embeddable":true,"href":"http:\/\/desarrollo.grupomedios.com\/futbol\/wp-json\/wp\/v2\/comments?post=283604"}],"version-history":[{"count":0,"href":"http:\/\/desarrollo.grupomedios.com\/futbol\/wp-json\/wp\/v2\/posts\/283604\/revisions"}],"wp:featuredmedia":[{"embeddable":true,"href":"http:\/\/desarrollo.grupomedios.com\/futbol\/wp-json\/wp\/v2\/media\/283605"}],"wp:attachment":[{"href":"http:\/\/desarrollo.grupomedios.com\/futbol\/wp-json\/wp\/v2\/media?parent=283604"}],"wp:term":[{"taxonomy":"category","embeddable":true,"href":"http:\/\/desarrollo.grupomedios.com\/futbol\/wp-json\/wp\/v2\/categories?post=283604"},{"taxonomy":"post_tag","embeddable":true,"href":"http:\/\/desarrollo.grupomedios.com\/futbol\/wp-json\/wp\/v2\/tags?post=283604"}],"curies":[{"name":"wp","href":"https:\/\/api.w.org\/{rel}","templated":true}]}}