{"id":283649,"date":"2015-06-07T21:00:22","date_gmt":"2015-06-08T02:00:22","guid":{"rendered":"http:\/\/futboltotal.com.mx\/?p=283649"},"modified":"2015-06-07T21:04:45","modified_gmt":"2015-06-08T02:04:45","slug":"se-acerca-el-regimen-de-transferencias-de-la-liga-mx","status":"publish","type":"post","link":"http:\/\/desarrollo.grupomedios.com\/futbol\/futbol-mexicano\/se-acerca-el-regimen-de-transferencias-de-la-liga-mx\/2015\/06","title":{"rendered":"Se acerca el Draft de la Liga MX"},"content":{"rendered":"<p>Del lunes 8 al jueves 11 de junio se llevar\u00e1 a cabo la <b>Reuni\u00f3n Anual<\/b> del <b>futbol mexicano<\/b>. Y entre las actividades que se llevaran a cabo, destaca el\u00a0<strong>Draft<\/strong>\u00a0de la <b>Liga MX<\/b>, donde se oficializar\u00e1n las altas y bajas de los 18 equipos del circuito rumbo al <b>Apertura 2015<\/b>.<\/p>\n<p>La actividad comenzar\u00e1 el lunes con la presentaci\u00f3n del Balance Anual del a\u00f1o futbol\u00edstico anterior: 2014-15. Adem\u00e1s, se dar\u00e1n a conocer los <b>calendarios<\/b> para la temporada 2015-16 de la <b>Liga MX<\/b>, <b>Ascenso MX<\/b> y <b>Copa MX<\/b>. Adem\u00e1s, habr\u00e1 charlas por parte de la Comisi\u00f3n de \u00c1rbitros y la Comisi\u00f3n Disciplinaria.<\/p>\n<p>El martes continuar\u00e1n las actividades con una pl\u00e1tica sobre lo que ser\u00e1 la Nueva Casa del futbol mexicano. Despu\u00e9s, Antonio Cord\u00f3n Ruiz, director de futbol del <b>Villareal<\/b>, as\u00ed como Julen Lopetegui, director t\u00e9cnico del <b>Porto<\/b>, compartir\u00e1n sus experiencias dentro del futbol mundial.<\/p>\n<p><b>Reuni\u00f3n Anual<\/b> del <b>futbol mexicano<\/b> vivir\u00e1 el d\u00eda mi\u00e9rcoles el <b>R\u00e9gimen de Transferencias<\/b> de la <b>Liga MX<\/b>, mientras que el jueves se realizar\u00e1 el <b>Draft<\/b> del <b>Ascenso MX<\/b>.<\/p>\n<p><em>Con informaci\u00f3n de la Liga MX<\/em><\/p>\n","protected":false},"excerpt":{"rendered":"<p>El lunes arranca la Reuni\u00f3n Anual del futbol mexicano<\/p>\n","protected":false},"author":20,"featured_media":283652,"comment_status":"open","ping_status":"open","sticky":false,"template":"","format":"standard","meta":[],"categories":[2198,3845],"tags":[3749,64,3767],"_links":{"self":[{"href":"http:\/\/desarrollo.grupomedios.com\/futbol\/wp-json\/wp\/v2\/posts\/283649"}],"collection":[{"href":"http:\/\/desarrollo.grupomedios.com\/futbol\/wp-json\/wp\/v2\/posts"}],"about":[{"href":"http:\/\/desarrollo.grupomedios.com\/futbol\/wp-json\/wp\/v2\/types\/post"}],"author":[{"embeddable":true,"href":"http:\/\/desarrollo.grupomedios.com\/futbol\/wp-json\/wp\/v2\/users\/20"}],"replies":[{"embeddable":true,"href":"http:\/\/desarrollo.grupomedios.com\/futbol\/wp-json\/wp\/v2\/comments?post=283649"}],"version-history":[{"count":0,"href":"http:\/\/desarrollo.grupomedios.com\/futbol\/wp-json\/wp\/v2\/posts\/283649\/revisions"}],"wp:featuredmedia":[{"embeddable":true,"href":"http:\/\/desarrollo.grupomedios.com\/futbol\/wp-json\/wp\/v2\/media\/283652"}],"wp:attachment":[{"href":"http:\/\/desarrollo.grupomedios.com\/futbol\/wp-json\/wp\/v2\/media?parent=283649"}],"wp:term":[{"taxonomy":"category","embeddable":true,"href":"http:\/\/desarrollo.grupomedios.com\/futbol\/wp-json\/wp\/v2\/categories?post=283649"},{"taxonomy":"post_tag","embeddable":true,"href":"http:\/\/desarrollo.grupomedios.com\/futbol\/wp-json\/wp\/v2\/tags?post=283649"}],"curies":[{"name":"wp","href":"https:\/\/api.w.org\/{rel}","templated":true}]}}