{"id":283773,"date":"2015-06-08T12:48:25","date_gmt":"2015-06-08T17:48:25","guid":{"rendered":"http:\/\/futboltotal.com.mx\/?p=283773"},"modified":"2015-06-08T12:59:05","modified_gmt":"2015-06-08T17:59:05","slug":"xavi-da-manotazo-a-neymar-en-festejo-del-barcelona","status":"publish","type":"post","link":"http:\/\/desarrollo.grupomedios.com\/futbol\/videos\/xavi-da-manotazo-a-neymar-en-festejo-del-barcelona\/2015\/06","title":{"rendered":"Xavi da manotazo a Neymar en festejo del Barcelona"},"content":{"rendered":"<p>No todo fueron sonrisas en el desfile de campe\u00f3n del Barcelona, pues en un momento de la marcha algunos futbolistas de la plantilla, entre ellos Neymar y Piqu\u00e9, insistieron a <strong>Xavi Hern\u00e1ndez<\/strong> que descendiera del auto para que se acercara m\u00e1s al p\u00fablico, sin embargo, el genio de Terrasa no hizo caso a las s\u00faplicas y decidi\u00f3 seguir arriba del veh\u00edculo. Ante la insistencia, Xavi se molest\u00f3 un poco y dio un peque\u00f1o manotazo en la cara al brasile\u00f1o, pero afortunadamente las cosas no pasaron a mayores.<\/p>\n<p><iframe loading=\"lazy\" src=\"https:\/\/www.youtube.com\/embed\/bJKTZKmHuE4\" frameborder=\"0\" allowfullscreen=\"allowfullscreen\"><\/iframe><\/p>\n","protected":false},"excerpt":{"rendered":"<p>El genio de Terrasa le dio un manotazo al brasile\u00f1o para que se alejara<\/p>\n","protected":false},"author":20,"featured_media":283778,"comment_status":"open","ping_status":"open","sticky":false,"template":"","format":"standard","meta":[],"categories":[3841,4],"tags":[5984,6001,1726],"_links":{"self":[{"href":"http:\/\/desarrollo.grupomedios.com\/futbol\/wp-json\/wp\/v2\/posts\/283773"}],"collection":[{"href":"http:\/\/desarrollo.grupomedios.com\/futbol\/wp-json\/wp\/v2\/posts"}],"about":[{"href":"http:\/\/desarrollo.grupomedios.com\/futbol\/wp-json\/wp\/v2\/types\/post"}],"author":[{"embeddable":true,"href":"http:\/\/desarrollo.grupomedios.com\/futbol\/wp-json\/wp\/v2\/users\/20"}],"replies":[{"embeddable":true,"href":"http:\/\/desarrollo.grupomedios.com\/futbol\/wp-json\/wp\/v2\/comments?post=283773"}],"version-history":[{"count":0,"href":"http:\/\/desarrollo.grupomedios.com\/futbol\/wp-json\/wp\/v2\/posts\/283773\/revisions"}],"wp:featuredmedia":[{"embeddable":true,"href":"http:\/\/desarrollo.grupomedios.com\/futbol\/wp-json\/wp\/v2\/media\/283778"}],"wp:attachment":[{"href":"http:\/\/desarrollo.grupomedios.com\/futbol\/wp-json\/wp\/v2\/media?parent=283773"}],"wp:term":[{"taxonomy":"category","embeddable":true,"href":"http:\/\/desarrollo.grupomedios.com\/futbol\/wp-json\/wp\/v2\/categories?post=283773"},{"taxonomy":"post_tag","embeddable":true,"href":"http:\/\/desarrollo.grupomedios.com\/futbol\/wp-json\/wp\/v2\/tags?post=283773"}],"curies":[{"name":"wp","href":"https:\/\/api.w.org\/{rel}","templated":true}]}}