{"id":283832,"date":"2015-06-08T14:44:44","date_gmt":"2015-06-08T19:44:44","guid":{"rendered":"http:\/\/futboltotal.com.mx\/?p=283832"},"modified":"2015-06-08T14:45:48","modified_gmt":"2015-06-08T19:45:48","slug":"eduardo-herrera-no-llegara-a-chivas","status":"publish","type":"post","link":"http:\/\/desarrollo.grupomedios.com\/futbol\/futbol-mexicano\/eduardo-herrera-no-llegara-a-chivas\/2015\/06","title":{"rendered":"Eduardo Herrera no llegar\u00e1 a Chivas"},"content":{"rendered":"<p>Para el <strong>Draft<\/strong>, <a href=\"http:\/\/www.futboltotal.com.mx\/equipos\/guadalajara\/\" target=\"_blank\"><strong>Chivas<\/strong><\/a> tendr\u00e1 que buscar a su segunda opci\u00f3n en la delantera, pues <a href=\"http:\/\/www.futboltotal.com.mx\/equipos\/unam\/\" target=\"_blank\"><strong>Pumas<\/strong><\/a> no planea vender a <strong>Eduardo Herrer<\/strong>a, a pesar de la insistencia <em>rojiblanca<\/em>.<\/p>\n<p>El vicepresidente deportivo de la UNAM, Antonio Sancho descart\u00f3 que el delantero salga del plantel, porque se trata de un elemento fundamental para Guillermo V\u00e1zquez.<\/p>\n<p>\u201cLa verdad es que <em>Lalo<\/em> no est\u00e1 transferible\u201d, sentenci\u00f3 el dirigente <em>auriazul<\/em>, previo a asistir a la Reuni\u00f3n Anual del Futbol Mexicano, son sede en Canc\u00fan, donde el mi\u00e9rcoles se llevar\u00e1 a cabo el r\u00e9gimen de transferencias.<\/p>\n<p>Actualmente, <strong>Eduardo Herrera<\/strong> se encuentra concentrado con la Selecci\u00f3n Mexicana que participar\u00e1 en la Copa Am\u00e9rica Chile 2015.<\/p>\n<p><strong><a href=\"http:\/\/futboltotal.com.mx\/2015\/06\/futbol-de-estufa-apertura-2015\/\" target=\"_blank\">FUTBOL DE ESTUFA | Liga MX | Rumbo al Apertura 2015 | ALTAS \u2013 BAJAS \u2013 RUMORES<\/a><\/strong><\/p>\n","protected":false},"excerpt":{"rendered":"<p>\u201cLalo no est\u00e1 transferible\u201d, sentenci\u00f3 Antonio Sancho <\/p>\n","protected":false},"author":20,"featured_media":283834,"comment_status":"open","ping_status":"open","sticky":false,"template":"","format":"standard","meta":[],"categories":[2198,3845],"tags":[70,3749,1140,74],"_links":{"self":[{"href":"http:\/\/desarrollo.grupomedios.com\/futbol\/wp-json\/wp\/v2\/posts\/283832"}],"collection":[{"href":"http:\/\/desarrollo.grupomedios.com\/futbol\/wp-json\/wp\/v2\/posts"}],"about":[{"href":"http:\/\/desarrollo.grupomedios.com\/futbol\/wp-json\/wp\/v2\/types\/post"}],"author":[{"embeddable":true,"href":"http:\/\/desarrollo.grupomedios.com\/futbol\/wp-json\/wp\/v2\/users\/20"}],"replies":[{"embeddable":true,"href":"http:\/\/desarrollo.grupomedios.com\/futbol\/wp-json\/wp\/v2\/comments?post=283832"}],"version-history":[{"count":0,"href":"http:\/\/desarrollo.grupomedios.com\/futbol\/wp-json\/wp\/v2\/posts\/283832\/revisions"}],"wp:featuredmedia":[{"embeddable":true,"href":"http:\/\/desarrollo.grupomedios.com\/futbol\/wp-json\/wp\/v2\/media\/283834"}],"wp:attachment":[{"href":"http:\/\/desarrollo.grupomedios.com\/futbol\/wp-json\/wp\/v2\/media?parent=283832"}],"wp:term":[{"taxonomy":"category","embeddable":true,"href":"http:\/\/desarrollo.grupomedios.com\/futbol\/wp-json\/wp\/v2\/categories?post=283832"},{"taxonomy":"post_tag","embeddable":true,"href":"http:\/\/desarrollo.grupomedios.com\/futbol\/wp-json\/wp\/v2\/tags?post=283832"}],"curies":[{"name":"wp","href":"https:\/\/api.w.org\/{rel}","templated":true}]}}