{"id":283845,"date":"2015-06-08T15:17:00","date_gmt":"2015-06-08T20:17:00","guid":{"rendered":"http:\/\/futboltotal.com.mx\/?p=283845"},"modified":"2015-06-08T16:33:54","modified_gmt":"2015-06-08T21:33:54","slug":"dorados-quiere-a-hasta-nueve-refuerzos","status":"publish","type":"post","link":"http:\/\/desarrollo.grupomedios.com\/futbol\/futbol-mexicano\/dorados-quiere-a-hasta-nueve-refuerzos\/2015\/06","title":{"rendered":"Dorados quiere hasta nueve refuerzos"},"content":{"rendered":"<p>En el <strong>r\u00e9gimen de transferencias<\/strong> veraniego, el equipo que asciende suele ser de los que m\u00e1s compras hacen; dicha situaci\u00f3n no cambiar\u00e1, pues <a href=\"http:\/\/futboltotal.com.mx\/equipos\/dorados-de-sinaloa\/\" target=\"_blank\"><strong>Dorados<\/strong><\/a> busca hacerse hasta con nueve refuerzos.<\/p>\n<p>\u201cEs nuestra primera vez despu\u00e9s de mucho tiempo pero venimos muy preparados, traemos necesidades muy puntuales, estaremos buscando de seis hasta nueve altas para reforzar el plantel y seguir fortaleci\u00e9ndonos\u201d, se\u00f1al\u00f3 el presidente del club, Antonio Nu\u00f1ez.<\/p>\n<p>Al respecto, el directivo mencion\u00f3 que <strong>Dorados<\/strong> quiere fortalecer sobre todo su l\u00ednea ofensiva en la que quieren un tridente nuevo.<\/p>\n<p>\u201cHay que apostarle a la parte ofensiva, la mayor parte de las canicas por as\u00ed a decirlo, est\u00e1n en esas posiciones, hay que buscar dos o tres delanteros, dos tres defensas, dos tres defensas y apuntalar la porter\u00eda para que haya una sana competencia\u201d, a\u00f1adi\u00f3 Nu\u00f1ez a <em>Mediotiempo<\/em>.<\/p>\n","protected":false},"excerpt":{"rendered":"<p>El equipos reci\u00e9n ascendido busca un nuevo tridente<\/p>\n","protected":false},"author":20,"featured_media":283852,"comment_status":"open","ping_status":"open","sticky":false,"template":"","format":"standard","meta":[],"categories":[2198,3845],"tags":[759,3749],"_links":{"self":[{"href":"http:\/\/desarrollo.grupomedios.com\/futbol\/wp-json\/wp\/v2\/posts\/283845"}],"collection":[{"href":"http:\/\/desarrollo.grupomedios.com\/futbol\/wp-json\/wp\/v2\/posts"}],"about":[{"href":"http:\/\/desarrollo.grupomedios.com\/futbol\/wp-json\/wp\/v2\/types\/post"}],"author":[{"embeddable":true,"href":"http:\/\/desarrollo.grupomedios.com\/futbol\/wp-json\/wp\/v2\/users\/20"}],"replies":[{"embeddable":true,"href":"http:\/\/desarrollo.grupomedios.com\/futbol\/wp-json\/wp\/v2\/comments?post=283845"}],"version-history":[{"count":0,"href":"http:\/\/desarrollo.grupomedios.com\/futbol\/wp-json\/wp\/v2\/posts\/283845\/revisions"}],"wp:featuredmedia":[{"embeddable":true,"href":"http:\/\/desarrollo.grupomedios.com\/futbol\/wp-json\/wp\/v2\/media\/283852"}],"wp:attachment":[{"href":"http:\/\/desarrollo.grupomedios.com\/futbol\/wp-json\/wp\/v2\/media?parent=283845"}],"wp:term":[{"taxonomy":"category","embeddable":true,"href":"http:\/\/desarrollo.grupomedios.com\/futbol\/wp-json\/wp\/v2\/categories?post=283845"},{"taxonomy":"post_tag","embeddable":true,"href":"http:\/\/desarrollo.grupomedios.com\/futbol\/wp-json\/wp\/v2\/tags?post=283845"}],"curies":[{"name":"wp","href":"https:\/\/api.w.org\/{rel}","templated":true}]}}