{"id":283868,"date":"2015-06-09T08:30:09","date_gmt":"2015-06-09T13:30:09","guid":{"rendered":"http:\/\/futboltotal.com.mx\/?p=283868"},"modified":"2015-06-09T09:56:22","modified_gmt":"2015-06-09T14:56:22","slug":"las-decepciones-del-clausura-2015-buscan-otra-oportunidad","status":"publish","type":"post","link":"http:\/\/desarrollo.grupomedios.com\/futbol\/destacado-home\/las-decepciones-del-clausura-2015-buscan-otra-oportunidad\/2015\/06","title":{"rendered":"Las decepciones del torneo, por otra oportunidad en el Draft"},"content":{"rendered":"<p>Llegaron al Clausura 2015 como elementos con mejor calidad que los futbolistas mexicanos, sin embargo, todos estos extranjeros defraudaron a directivas y aficionados por lo que en seis meses se cerraron las puertas de los equipos y como consecuencia terminaron por firmar su salida. Pero \u00bfcu\u00e1les son las <strong>opciones<\/strong> para estos for\u00e1neos en <strong>Draft<\/strong>?<\/p>\n<p><strong>Juan Anangon\u00f3 (Leones Negros)<\/strong> | Aunque el ecuatoriano no se cans\u00f3 de fallar frente al arco rival, el nuevo t\u00e9cnico de los <em>Melenudos<\/em>, Daniel Guzm\u00e1n le dar\u00e1 otra oportunidad en el Ascenso MX. No obstante, el ariete podr\u00eda regresar al Liga de Quito.<\/p>\n<p><strong>Jonathan Ramis (Pumas)<\/strong> | Sus posibilidades de permanecer en la Liga MX son m\u00ednimas, por lo que se habla de que el uruguayo retorne a Ecuador y concluya su pase por el pa\u00eds mexicano sin pena ni gloria.<\/p>\n<p><a href=\"http:\/\/futboltotal.com.mx\/wp-content\/uploads\/2015\/06\/jonathan-ramis-encabeza-lista-de-transferibles.jpg\"><img decoding=\"async\" loading=\"lazy\" class=\"aligncenter size-full wp-image-282996\" src=\"http:\/\/futboltotal.com.mx\/wp-content\/uploads\/2015\/06\/jonathan-ramis-encabeza-lista-de-transferibles.jpg\" alt=\"jonathan-ramis-encabeza-lista-de-transferibles\" srcset=\"http:\/\/desarrollo.grupomedios.com\/futbol\/wp-content\/uploads\/2015\/06\/jonathan-ramis-encabeza-lista-de-transferibles.jpg 820w, http:\/\/desarrollo.grupomedios.com\/futbol\/wp-content\/uploads\/2015\/06\/jonathan-ramis-encabeza-lista-de-transferibles-300x201.jpg 300w\" sizes=\"(max-width: 820px) 100vw, 820px\" \/><\/a><\/p>\n<p><strong>V\u00edctor Hugo Monta\u00f1o (Toluca)<\/strong> | El colombiano viene a la baja, porque su experiencia de una d\u00e9cada entera en el futbol franc\u00e9s no lo respaldar\u00eda e incluso terminar\u00eda en el Ascenso MX con Lobos BUAP, quien luce como la opci\u00f3n m\u00e1s latente para el jugador.<\/p>\n<p><strong>Junior Sornoza (Pachuca)<\/strong> | Los <em>Tuzos<\/em> est\u00e1n inconformes con el desempe\u00f1o del mediocampista, por lo cual podr\u00edan mandarlo a su franquicia en el Ascenso MX, Mineros de Zacatecas, pero este necesita aceptar la decisi\u00f3n o buscar acomodo en su pa\u00eds de origen.<\/p>\n<p><strong>Alemao (Cruz Azul)<\/strong> | La \u00fanica excepci\u00f3n, el brasile\u00f1o super\u00f3 las expectativas de la afici\u00f3n e incluso al arranque del torneo se erigi\u00f3 como el referente ofensivo de la <em>M\u00e1quina<\/em>. A pesar de todo esto, los <em>Cementeros<\/em> lo pusieron transferible y su futuro podr\u00eda estar en Xolos, Dorados o Morelia.<\/p>\n<p><strong>Jonathan Gonzala\u00e9z (Leones Negros)<\/strong> | Aunque tuvo un arranque y cierre de ensue\u00f1o, el ecuatoriano fue otra de las contrataciones fallidas de los <em>Melenudos<\/em> que terminaron por descender, no obstante, el mediocampistas podr\u00eda vestir la camiseta del Le\u00f3n, Pachuca o hasta Mineros de Zacatecas.<\/p>\n<p><a href=\"http:\/\/futboltotal.com.mx\/wp-content\/uploads\/2015\/05\/leonesnegros_3.jpg\"><img decoding=\"async\" loading=\"lazy\" class=\"aligncenter size-full wp-image-276242\" src=\"http:\/\/futboltotal.com.mx\/wp-content\/uploads\/2015\/05\/leonesnegros_3.jpg\" alt=\"leonesnegros_3\" srcset=\"http:\/\/desarrollo.grupomedios.com\/futbol\/wp-content\/uploads\/2015\/05\/leonesnegros_3.jpg 650w, http:\/\/desarrollo.grupomedios.com\/futbol\/wp-content\/uploads\/2015\/05\/leonesnegros_3-132x88.jpg 132w, http:\/\/desarrollo.grupomedios.com\/futbol\/wp-content\/uploads\/2015\/05\/leonesnegros_3-95x63.jpg 95w, http:\/\/desarrollo.grupomedios.com\/futbol\/wp-content\/uploads\/2015\/05\/leonesnegros_3-182x122.jpg 182w, http:\/\/desarrollo.grupomedios.com\/futbol\/wp-content\/uploads\/2015\/05\/leonesnegros_3-205x136.jpg 205w, http:\/\/desarrollo.grupomedios.com\/futbol\/wp-content\/uploads\/2015\/05\/leonesnegros_3-420x280.jpg 420w\" sizes=\"(max-width: 650px) 100vw, 650px\" \/><\/a><\/p>\n<p>Ser\u00e1 el mi\u00e9rcoles o jueves que estos jugadores encuentren acomodo durante el <strong>Draft<\/strong> que se celebrar\u00e1 en Canc\u00fan.<\/p>\n","protected":false},"excerpt":{"rendered":"<p>Estos jugadores buscar\u00e1n acomodo durante el Draft<\/p>\n","protected":false},"author":20,"featured_media":283965,"comment_status":"open","ping_status":"open","sticky":false,"template":"","format":"standard","meta":[],"categories":[3843,5,2198,3845],"tags":[759,3749,74],"_links":{"self":[{"href":"http:\/\/desarrollo.grupomedios.com\/futbol\/wp-json\/wp\/v2\/posts\/283868"}],"collection":[{"href":"http:\/\/desarrollo.grupomedios.com\/futbol\/wp-json\/wp\/v2\/posts"}],"about":[{"href":"http:\/\/desarrollo.grupomedios.com\/futbol\/wp-json\/wp\/v2\/types\/post"}],"author":[{"embeddable":true,"href":"http:\/\/desarrollo.grupomedios.com\/futbol\/wp-json\/wp\/v2\/users\/20"}],"replies":[{"embeddable":true,"href":"http:\/\/desarrollo.grupomedios.com\/futbol\/wp-json\/wp\/v2\/comments?post=283868"}],"version-history":[{"count":0,"href":"http:\/\/desarrollo.grupomedios.com\/futbol\/wp-json\/wp\/v2\/posts\/283868\/revisions"}],"wp:featuredmedia":[{"embeddable":true,"href":"http:\/\/desarrollo.grupomedios.com\/futbol\/wp-json\/wp\/v2\/media\/283965"}],"wp:attachment":[{"href":"http:\/\/desarrollo.grupomedios.com\/futbol\/wp-json\/wp\/v2\/media?parent=283868"}],"wp:term":[{"taxonomy":"category","embeddable":true,"href":"http:\/\/desarrollo.grupomedios.com\/futbol\/wp-json\/wp\/v2\/categories?post=283868"},{"taxonomy":"post_tag","embeddable":true,"href":"http:\/\/desarrollo.grupomedios.com\/futbol\/wp-json\/wp\/v2\/tags?post=283868"}],"curies":[{"name":"wp","href":"https:\/\/api.w.org\/{rel}","templated":true}]}}