{"id":283891,"date":"2015-06-08T18:51:10","date_gmt":"2015-06-08T23:51:10","guid":{"rendered":"http:\/\/futboltotal.com.mx\/?p=283891"},"modified":"2015-06-08T18:52:03","modified_gmt":"2015-06-08T23:52:03","slug":"xavi-hernandez-llego-a-catar","status":"publish","type":"post","link":"http:\/\/desarrollo.grupomedios.com\/futbol\/futbol-internacional\/xavi-hernandez-llego-a-catar\/2015\/06","title":{"rendered":"Xavi Hern\u00e1ndez lleg\u00f3 a Catar"},"content":{"rendered":"<p><strong>Xavi Hern\u00e1ndez<\/strong> lleg\u00f3 este lunes a <strong>Catar<\/strong>, pa\u00eds donde vivir\u00e1 su nueva futbol\u00edstica. El otrora capit\u00e1n del <strong>Barcelona<\/strong> realizar\u00e1 pruebas m\u00e9dicas el martes, para despu\u00e9s firmar su nuevo contrato con el <strong>Al-Sadd<\/strong>, club en el que milit\u00f3 Ra\u00fal Gonz\u00e1lez. El jueves se tiene contemplada la presentaci\u00f3n oficial.<\/p>\n<p>Tras\u00a0celebrar el triplete con el <em>Bar\u00e7a<\/em>, el mediocampista espa\u00f1ol de 35 a\u00f1os de edad\u00a0viaj\u00f3 a la que ser\u00e1 su nueva casa. En ese sentido, el <em>Maestro<\/em> se dice listo para, por primera vez en toda su vida, representar a un club que no sea el <strong>Barcelona<\/strong>, donde jug\u00f3 los \u00faltimos 17 a\u00f1os.<\/p>\n<blockquote class=\"twitter-tweet\" lang=\"es\">\n<p dir=\"ltr\" lang=\"en\"><a href=\"https:\/\/twitter.com\/hashtag\/Xavi?src=hash\">#Xavi<\/a> arrived,, Photos 2 <a href=\"https:\/\/twitter.com\/hashtag\/AlSadd?src=hash\">#AlSadd<\/a> <a href=\"https:\/\/twitter.com\/hashtag\/Qatar?src=hash\">#Qatar<\/a> <a href=\"http:\/\/t.co\/WmsBtotyWB\">pic.twitter.com\/WmsBtotyWB<\/a><\/p>\n<p>\u2014 AlSadd S.C Official (@AlsaddSC) <a href=\"https:\/\/twitter.com\/AlsaddSC\/status\/608031462177136640\">junio 8, 2015<\/a><\/p><\/blockquote>\n<p><script src=\"\/\/platform.twitter.com\/widgets.js\" async=\"\" charset=\"utf-8\"><\/script><\/p>\n<p>Despu\u00e9s de su presentaci\u00f3n, <strong>Xavi Hern\u00e1ndez <\/strong>se ir\u00e1 de vacaciones y se incorporar\u00e1 a la disciplina del Al-Sadd hasta finales de julio, cuando el equipo iniciar\u00e1 su pretemporada.<\/p>\n","protected":false},"excerpt":{"rendered":"<p>El jueves ser\u00e1 presentado oficialmente con el Al-Sadd<\/p>\n","protected":false},"author":20,"featured_media":283894,"comment_status":"open","ping_status":"open","sticky":false,"template":"","format":"standard","meta":[],"categories":[3839],"tags":[5984,1726],"_links":{"self":[{"href":"http:\/\/desarrollo.grupomedios.com\/futbol\/wp-json\/wp\/v2\/posts\/283891"}],"collection":[{"href":"http:\/\/desarrollo.grupomedios.com\/futbol\/wp-json\/wp\/v2\/posts"}],"about":[{"href":"http:\/\/desarrollo.grupomedios.com\/futbol\/wp-json\/wp\/v2\/types\/post"}],"author":[{"embeddable":true,"href":"http:\/\/desarrollo.grupomedios.com\/futbol\/wp-json\/wp\/v2\/users\/20"}],"replies":[{"embeddable":true,"href":"http:\/\/desarrollo.grupomedios.com\/futbol\/wp-json\/wp\/v2\/comments?post=283891"}],"version-history":[{"count":0,"href":"http:\/\/desarrollo.grupomedios.com\/futbol\/wp-json\/wp\/v2\/posts\/283891\/revisions"}],"wp:featuredmedia":[{"embeddable":true,"href":"http:\/\/desarrollo.grupomedios.com\/futbol\/wp-json\/wp\/v2\/media\/283894"}],"wp:attachment":[{"href":"http:\/\/desarrollo.grupomedios.com\/futbol\/wp-json\/wp\/v2\/media?parent=283891"}],"wp:term":[{"taxonomy":"category","embeddable":true,"href":"http:\/\/desarrollo.grupomedios.com\/futbol\/wp-json\/wp\/v2\/categories?post=283891"},{"taxonomy":"post_tag","embeddable":true,"href":"http:\/\/desarrollo.grupomedios.com\/futbol\/wp-json\/wp\/v2\/tags?post=283891"}],"curies":[{"name":"wp","href":"https:\/\/api.w.org\/{rel}","templated":true}]}}