{"id":283905,"date":"2015-06-09T09:30:51","date_gmt":"2015-06-09T14:30:51","guid":{"rendered":"http:\/\/futboltotal.com.mx\/?p=283905"},"modified":"2015-06-14T13:02:53","modified_gmt":"2015-06-14T18:02:53","slug":"mundial-femenil-mexico-vs-colombia","status":"publish","type":"post","link":"http:\/\/desarrollo.grupomedios.com\/futbol\/futbol-mexicano\/mundial-femenil-mexico-vs-colombia\/2015\/06","title":{"rendered":"M\u00e9xico debuta en el Mundial Femenil"},"content":{"rendered":"<p>La <a href=\"http:\/\/futboltotal.com.mx\/futbol-mexicano\/seleccion-mexicana\/\" target=\"_blank\"><strong>Selecci\u00f3n Femenil de M\u00e9xico<\/strong><\/a> iniciar\u00e1 su participaci\u00f3n en la <strong>Copa Mundial Canad\u00e1 2015<\/strong>. Lo har\u00e1 este martes (15:00 horas) en la cancha del Moncton Stadium, cuando enfrente a su similar de\u00a0<strong>Colombia<\/strong>, en duelo correspondiente a la jornada 1 del\u00a0certamen mundialista.<\/p>\n<p>Lleg\u00f3 el momento de que el equipo que dirige\u00a0<strong>Leonardo Cuellar<\/strong> demuestre en el terreno de juego todo lo que ha venido trabajando a lo largo de los \u00faltimos\u00a0meses.<\/p>\n<p>[video_player]http:\/\/player.vimeo.com\/external\/129936038.sd.mp4?s=b2e4b7956837c70b4cd28d0f4d269355&amp;profile_id=112[\/video_player]<\/p>\n<p><strong>M\u00e9xico<\/strong>\u00a0quiere superar sus pasadas\u00a0actuaciones mundialistas:\u00a0en Estados Unidos 1999 y Alemania 2011. En su debut mundialista (1999) termin\u00f3 en el fondo de la clasificaci\u00f3n,\u00a0sin puntos y con el peor registro de goles totales recibidos 15.\u00a0En tanto, la justa <em>germana<\/em>,\u00a0en la compartieron el pelot\u00f3n B con Inglaterra, Jap\u00f3n y Nueva Zelanda,<em>\u00a0<\/em>fue un suplicio; perdi\u00f3 sus tres partidos, aunque sumaron sus primeros puntos\u00a0puntos\u00a0tras\u00a0un par de\u00a0empates.<\/p>\n","protected":false},"excerpt":{"rendered":"<p>El Tri emprende su traves\u00eda mundialista ante Colombia<\/p>\n","protected":false},"author":20,"featured_media":283967,"comment_status":"open","ping_status":"open","sticky":false,"template":"","format":"standard","meta":[],"categories":[2198,3847],"tags":[65,4501],"_links":{"self":[{"href":"http:\/\/desarrollo.grupomedios.com\/futbol\/wp-json\/wp\/v2\/posts\/283905"}],"collection":[{"href":"http:\/\/desarrollo.grupomedios.com\/futbol\/wp-json\/wp\/v2\/posts"}],"about":[{"href":"http:\/\/desarrollo.grupomedios.com\/futbol\/wp-json\/wp\/v2\/types\/post"}],"author":[{"embeddable":true,"href":"http:\/\/desarrollo.grupomedios.com\/futbol\/wp-json\/wp\/v2\/users\/20"}],"replies":[{"embeddable":true,"href":"http:\/\/desarrollo.grupomedios.com\/futbol\/wp-json\/wp\/v2\/comments?post=283905"}],"version-history":[{"count":0,"href":"http:\/\/desarrollo.grupomedios.com\/futbol\/wp-json\/wp\/v2\/posts\/283905\/revisions"}],"wp:featuredmedia":[{"embeddable":true,"href":"http:\/\/desarrollo.grupomedios.com\/futbol\/wp-json\/wp\/v2\/media\/283967"}],"wp:attachment":[{"href":"http:\/\/desarrollo.grupomedios.com\/futbol\/wp-json\/wp\/v2\/media?parent=283905"}],"wp:term":[{"taxonomy":"category","embeddable":true,"href":"http:\/\/desarrollo.grupomedios.com\/futbol\/wp-json\/wp\/v2\/categories?post=283905"},{"taxonomy":"post_tag","embeddable":true,"href":"http:\/\/desarrollo.grupomedios.com\/futbol\/wp-json\/wp\/v2\/tags?post=283905"}],"curies":[{"name":"wp","href":"https:\/\/api.w.org\/{rel}","templated":true}]}}