{"id":283916,"date":"2015-06-08T21:18:52","date_gmt":"2015-06-09T02:18:52","guid":{"rendered":"http:\/\/futboltotal.com.mx\/?p=283916"},"modified":"2015-06-09T08:04:44","modified_gmt":"2015-06-09T13:04:44","slug":"leandro-cufre-anuncia-su-retiro","status":"publish","type":"post","link":"http:\/\/desarrollo.grupomedios.com\/futbol\/futbol-mexicano\/leandro-cufre-anuncia-su-retiro\/2015\/06","title":{"rendered":"Leandro Cufr\u00e9 anuncia su retiro"},"content":{"rendered":"<p>Luego de consumar el descenso con <strong>Leones Negros<\/strong>, el defensa de 37 a\u00f1os de edad <strong>Leandro Cufr\u00e9<\/strong> anunci\u00f3 su <strong>retiro<\/strong> de las canchas.<\/p>\n<p>&#8220;Hoy es un d\u00eda muy importante para m\u00ed, porque he tomado la decisi\u00f3n de dejar este maravilloso deporte que me llev\u00f3 a vivir momentos inolvidables en mi vida. Llevo 18 a\u00f1os de profesional ininterrumpidos, y creo que es el momento justo de cambiar el rumbo, de disfrutar mi familia, amigos y de devolverle al futbol todo lo que me ha dado pero vinculado desde otro lugar&#8221; public\u00f3 el argentino naturalizado mexicano en <em>Instagram<\/em>.<\/p>\n<p>&#8220;Quiero agradecerles a todos lo que hicieron posible para que yo pueda realizar esta magn\u00edfica y apasionante profesi\u00f3n, mis padres, hermanos, familiares, amigos, entrenadores, compa\u00f1eros, clubes&#8230; sin dejar de mencionar y agradecer a la directiva de UdeG, que quieren que contin\u00fae jugando, pero la decisi\u00f3n ya est\u00e1 tomada&#8221;, a\u00f1adi\u00f3.<\/p>\n<p><strong>Leandro Cufr\u00e9<\/strong> debut\u00f3 en el Gimnasia y Esgrima de la Plata en 1996, tuvo un paso por la Serie A con las camisetas de la Roma y Siena; adem\u00e1s defendi\u00f3 los colores del M\u00f3naco, Hertha Berl\u00edn y Dinamo Zagreb. En la Liga MX solo form\u00f3 parte del Atlas y <strong>Leones Negros<\/strong>.<\/p>\n","protected":false},"excerpt":{"rendered":"<p>El defensa argentino puso fin a 19 a\u00f1os de trayectoria <\/p>\n","protected":false},"author":20,"featured_media":283921,"comment_status":"open","ping_status":"open","sticky":false,"template":"","format":"standard","meta":[],"categories":[2198,3845],"tags":[535,537],"_links":{"self":[{"href":"http:\/\/desarrollo.grupomedios.com\/futbol\/wp-json\/wp\/v2\/posts\/283916"}],"collection":[{"href":"http:\/\/desarrollo.grupomedios.com\/futbol\/wp-json\/wp\/v2\/posts"}],"about":[{"href":"http:\/\/desarrollo.grupomedios.com\/futbol\/wp-json\/wp\/v2\/types\/post"}],"author":[{"embeddable":true,"href":"http:\/\/desarrollo.grupomedios.com\/futbol\/wp-json\/wp\/v2\/users\/20"}],"replies":[{"embeddable":true,"href":"http:\/\/desarrollo.grupomedios.com\/futbol\/wp-json\/wp\/v2\/comments?post=283916"}],"version-history":[{"count":0,"href":"http:\/\/desarrollo.grupomedios.com\/futbol\/wp-json\/wp\/v2\/posts\/283916\/revisions"}],"wp:featuredmedia":[{"embeddable":true,"href":"http:\/\/desarrollo.grupomedios.com\/futbol\/wp-json\/wp\/v2\/media\/283921"}],"wp:attachment":[{"href":"http:\/\/desarrollo.grupomedios.com\/futbol\/wp-json\/wp\/v2\/media?parent=283916"}],"wp:term":[{"taxonomy":"category","embeddable":true,"href":"http:\/\/desarrollo.grupomedios.com\/futbol\/wp-json\/wp\/v2\/categories?post=283916"},{"taxonomy":"post_tag","embeddable":true,"href":"http:\/\/desarrollo.grupomedios.com\/futbol\/wp-json\/wp\/v2\/tags?post=283916"}],"curies":[{"name":"wp","href":"https:\/\/api.w.org\/{rel}","templated":true}]}}